{"id":41400,"date":"2026-09-01T23:59:53","date_gmt":"2026-09-02T03:59:53","guid":{"rendered":"https:\/\/fondationjeunesentete.org\/?p=41400"},"modified":"2026-09-02T09:52:45","modified_gmt":"2026-09-02T13:52:45","slug":"new-video-series-supporting-your-teens-body-image","status":"publish","type":"post","link":"https:\/\/fondationjeunesentete.org\/en\/2026\/09\/01\/new-video-series-supporting-your-teens-body-image\/","title":{"rendered":"Back to School, Body image: be your teen&#8217;s ally"},"content":{"rendered":"<div class=\"wpb-content-wrapper\"><p>[vc_row full_width=&#8221;stretch_row_content&#8221;][vc_column]<div class=\"fjet-module-container module-without-overflow bg module-hero bg-color module-bg-color-blanc \">\n    <div class=\"bg-img-hero \" style=\"background-image: url('https:\/\/fondationjeunesentete.tor1.digitaloceanspaces.com\/2026\/08\/fjet-imagecorpo-actualite-en-1920x1005-v4-01.png')\">                <div class=\"container\">\n                        <div class=\"row justify-content-center desktop-only\">\n                <div class=\"col-xl-8\">\n                    <div class=\"content-hero content-txt text-center no-bt \">\n                        <h5 class=\"text-color-bleuFonce\">New Back-to-School Video Series<\/h5>                                                <p class=\"lead text-color-\"><\/p>\n                        <div class=\"box-btns\">\t                    \t\t\t\t\t\t<\/div>\n                    <\/div>\n                <\/div>\n            <\/div>\n        <\/div>\n    <\/div>    <div class=\"container mobile-only with-bg \">\n        <div class=\"row row-mobile\">\n            <div class=\"col-12\">\n                <div class=\"content-txt \">\n                    <h5 class=\"text-color-bleuFonce\">New Back-to-School Video Series<\/h5>                                        <p class=\"lead text-color-\"><\/p>\n\t\t\t\t\t<div class=\"box-btns\">\t                \t\t\t\t\t<\/div>\n                <\/div>\n            <\/div>\n        <\/div>\n    <\/div>\n<\/div>\n[\/vc_column][\/vc_row][vc_row full_width=&#8221;stretch_row_content_no_spaces&#8221;][vc_column]<div class=\"fjet-module-container module-title-container module-without-overflow  bg-color module-bg-color-blanc    \">\n                    <div class=\"container\">\n            <div class=\"row\">\n                <div class=\"col-12\">\n                    <div class=\"content-txt \">\n                                                                    <\/div>\n                    <div class=\"content-vc\">\n                        [vc_row_inner][vc_column_inner width=&#8221;1\/6&#8243;]<div class=\"fjet-module-container image-texte-module  \">\n    <div class=\"container\">\n        <div class=\"row\">\n            <div class=\"col-12\">\n    <div class=\"content-img\" >\n            <\/div>\n    <div class=\"content-txt\"  >\n                        <\/p>\n<h6 style=\"text-align: center;\"><\/h6>\n<h6 style=\"text-align: center; padding-left: 40px; padding-right: 40px;\"><\/h6>\n<p>\n            <\/div>\n            <\/div>\n        <\/div>\n    <\/div>\n<\/div>[\/vc_column_inner][vc_column_inner width=&#8221;2\/3&#8243;]<div class=\"fjet-module-container image-texte-module  \">\n    <div class=\"container\">\n        <div class=\"row\">\n            <div class=\"col-12\">\n    <div class=\"content-img\" >\n            <\/div>\n    <div class=\"content-txt\"  >\n                        <\/p>\n<h2>Back to School, Body image: be your teen&#8217;s ally<\/h2>\n<p class=\"isSelectedEnd\">Back-to-school season marks the start of a new school year, but it also brings new social dynamics and new challenges for teens. At a time when their bodies are changing, the way young people perceive their appearance can take on greater importance.<\/p>\n<p class=\"isSelectedEnd\">Only <strong>40% of high school students (4 in 10) say they are satisfied with their physical appearance<\/strong>, compared with 50% in 2010\u20132011, according to 2022\u20132023 data from the INSPQ.<\/p>\n<p class=\"isSelectedEnd\">To help parents support their teens with sensitivity and understanding, Youth in Mind Foundation is launching a new three-part video series: <strong>\u201cBody image: be your teen&#8217;s ally\u201d<\/strong>.<\/p>\n<p class=\"isSelectedEnd\">Featuring <strong>Jessica Barker, actress, host and mom<\/strong>, and <strong>Julianne B\u00e9liveau, a doctoral student in clinical psychology and researcher specializing in positive body image<\/strong>, the series offers simple, practical ways to help teens develop a positive body image and lasting self-esteem.<\/p>\n<h5><span style=\"color: #1c70b8;\">Body Image in Adolescence: Why Parents Matter<\/span><\/h5>\n<p class=\"isSelectedEnd\">Young people\u2019s bodies change, but their worth is not defined by their appearance. As a parent, you can help create an environment that supports healthy self-esteem through the words you use every day and the way you talk about your own body and the bodies of others.<\/p>\n<p>The goal is not to be perfect. It is about <strong>becoming more aware of certain habits<\/strong> and <strong>developing new ways<\/strong> of responding that can help you become a stronger ally for your teen.<\/p>\n            <\/div>\n            <\/div>\n        <\/div>\n    <\/div>\n<\/div>[\/vc_column_inner][vc_column_inner width=&#8221;1\/6&#8243;][\/vc_column_inner][\/vc_row_inner]                    <\/div>\n                <\/div>\n            <\/div>\n        <\/div>\n        <\/div>\n[\/vc_column][\/vc_row][vc_row full_width=&#8221;stretch_row_content_no_spaces&#8221;][vc_column el_id=&#8221;video-2col_15questiondepression&#8221; el_class=&#8221;scribble-position-center&#8221;]<div class=\"fjet-module-container module-title-container module-without-overflow  bg-color module-bg-color-orangePale    \">\n                    <div class=\"container\">\n            <div class=\"row\">\n                <div class=\"col-12\">\n                    <div class=\"content-txt \">\n                                                                    <\/div>\n                    <div class=\"content-vc\">\n                        [vc_row_inner content_placement=&#8221;middle&#8221; css=&#8221;.vc_custom_1591988263730{margin-top: -80px !important;}&#8221;][vc_column_inner el_class=&#8221;d-flex align-items-center&#8221; width=&#8221;1\/2&#8243;][vc_column_text css=&#8221;&#8221;]<\/p>\n<h5><span style=\"color: #1c70b8;\">Video 1: Be a model of self-compassion<\/span><\/h5>\n<p class=\"isSelectedEnd\">Comments that may seem harmless, such as \u201cI\u2019ve gained weight\u201d or \u201cAre you really going to eat all that?\u201d can have a greater impact on a young person\u2019s body image than we might realize.<\/p>\n<p class=\"isSelectedEnd\">In this first video, parents are invited to try a simple exercise: <strong>describe themselves without referring to their physical appearance.<\/strong><\/p>\n<p class=\"isSelectedEnd\">By treating their own bodies and other people\u2019s bodies with greater respect, parents can set a more positive example for their teen. It is not about always finding the perfect words, but rather becoming more aware of how much emphasis is placed on appearance in everyday conversations.<\/p>\n<p class=\"isSelectedEnd\"><strong>The first step: treating yourself with more kindness.<\/strong><\/p>\n<p>[\/vc_column_text][\/vc_column_inner][vc_column_inner el_class=&#8221;d-flex align-items-center&#8221; width=&#8221;1\/2&#8243;][vc_empty_space]<div class=\"module-videos-simple fjet-module-container\">\n    <div class=\"container\">\n        <div class=\"row\">\n            <div class=\"col-12\">\n    <div class=\"video-img-box\">\n        <div class=\"video-container-responsive\">\n            <iframe src=\"\/\/www.youtube.com\/embed\/mvOjPW6s1Cc?enablejsapi=1&origin=https:\/\/fondationjeunesentete.org\" frameborder=\"0\" allow=\"accelerometer; autoplay; encrypted-media; gyroscope; picture-in-picture\" allowfullscreen id=\"vid-player-6\"><\/iframe>\n        <\/div>\n    <\/div>\n    <\/div>\n    <\/div>\n    <\/div>\n<\/div>[\/vc_column_inner][\/vc_row_inner]                    <\/div>\n                <\/div>\n            <\/div>\n        <\/div>\n        <\/div>\n[\/vc_column][\/vc_row][vc_row full_width=&#8221;stretch_row_content_no_spaces&#8221;][vc_column]<div class=\"fjet-module-container module-title-container module-without-overflow  bg-color module-bg-color-bleuPale    \">\n                    <div class=\"container\">\n            <div class=\"row\">\n                <div class=\"col-12\">\n                    <div class=\"content-txt \">\n                                                                    <\/div>\n                    <div class=\"content-vc\">\n                        [vc_row_inner][vc_column_inner width=&#8221;1\/6&#8243;][\/vc_column_inner][vc_column_inner width=&#8221;2\/3&#8243;]<div class=\"fjet-module-container image-texte-module  \">\n    <div class=\"container\">\n        <div class=\"row\">\n            <div class=\"col-12\">\n    <div class=\"content-img\" >\n            <\/div>\n    <div class=\"content-txt\"  >\n                        <\/p>\n<h5><span style=\"color: #1c70b8;\">Two More Videos to Help You Become a Better Ally<\/span><\/h5>\n<p class=\"isSelectedEnd\">The series also explores two other practical ways parents can support their teen in developing a positive body image.<\/p>\n<h5><span style=\"color: #1c70b8;\">\ud83c\udfacVideo 2: Praise your teen for more than their appearance<\/span><\/h5>\n<p class=\"isSelectedEnd\">Complimenting someone\u2019s appearance often comes naturally. This video encourages parents to shift the focus from <strong>how their teen looks to who they are<\/strong>: their qualities, their strengths, and everything their body allows them to do.<\/p>\n<p class=\"isSelectedEnd\">It is a way to build self-esteem that goes beyond physical appearance.<\/p>\n<h5><span style=\"color: #1c70b8;\">\ud83c\udfacVideo 3: Encourage Critical Thinking About Online Content<\/span><\/h5>\n<p class=\"isSelectedEnd\">Social media, advertising, and television expose young people to a constant stream of idealized images that can influence how they see themselves.<\/p>\n<p class=\"isSelectedEnd\">This video offers practical tips to help teens take a more critical look at the content they see online and choose content that makes them feel good rather than content that fuels comparison.<\/p>\n<p class=\"isSelectedEnd\"><strong>We can\u2019t control everything, but we can give teens the tools they need.<\/strong><\/p>\n<h5><span style=\"color: #1c70b8;\">Being an Ally, One Small Step at a Time<\/span><\/h5>\n<p>Building a strong relationship with your teen, encouraging a positive body image, and helping them navigate social pressures around appearance can all begin with small changes in everyday life.<\/p>\n            <\/div>\n            <\/div>\n        <\/div>\n    <\/div>\n<\/div>[\/vc_column_inner][vc_column_inner width=&#8221;1\/6&#8243;][\/vc_column_inner][\/vc_row_inner]                    <\/div>\n                <\/div>\n            <\/div>\n        <\/div>\n        <\/div>\n[\/vc_column][\/vc_row][vc_row full_width=&#8221;stretch_row_content_no_spaces&#8221;][vc_column]<div class=\"fjet-module-container module-caroussel module-without-overflow  bg-color module-bg-color-blanc\">\n    <!-- decoration-box * pour mettre une deco en fond, par dessus une image s'il y a lieu   -->\n        <div class=\"container\">\n        <div class=\"row\">\n            <div class=\"col-12\">\n                <div class=\"content-txt\">\n                                            <h5 class=\" text-color-bleu\">Explore all our resources to help teens develop a positive body image:<\/h5>                                    <\/div>\n            <\/div>\n        <\/div>\n    <\/div>\n    <div class=\"container \">\n        <div class=\"row\">\n            <div class=\"col-12\">\n                <div class=\"swiper-container theme-fjet\">\n                    <div class=\"swiper-wrapper\">\n                        <div class=\"swiper-slide item\">\n    <div class=\"carousel-color-box bg-blanc module-shadow\">\n                    <div class=\"img-box\">\n                                            <img decoding=\"async\" src=\"https:\/\/fondationjeunesentete.tor1.digitaloceanspaces.com\/2026\/08\/famille-velo-foret-header.jpg\" alt=\"BEING A POSITIVE MODEL FOR TEENS\u2019 BODY IMAGE\" class=\"img-fluid\">\n                                    <\/div>\n                    <div class=\"txt-box\">\n\t                                <h5><a href=\"https:\/\/fondationjeunesentete.org\/en\/ressource\/being-a-positive-model-for-teens-body-image\/\" title=\"Lire l'article\" target=\"_blank\">BEING A POSITIVE MODEL FOR TEENS\u2019 BODY IMAGE<\/a><\/h5>\t                    <p>Here are a few practical tips to help you adopt the right attitude and have a positive impact on the young people in your life.<\/p>\n                            <a class=\"btn btn-primary\" href=\"https:\/\/fondationjeunesentete.org\/en\/ressource\/being-a-positive-model-for-teens-body-image\/\"\n                   title=\"Lire l'article\"\n                   target=\"_blank\">READ ARTICLE<\/a>\n                    <\/div>\n    <\/div>\n<\/div>\n<div class=\"swiper-slide item\">\n    <div class=\"carousel-color-box bg-blanc module-shadow\">\n                    <div class=\"img-box\">\n                                            <img decoding=\"async\" src=\"https:\/\/fondationjeunesentete.tor1.digitaloceanspaces.com\/2026\/08\/image-header-page-6.jpg\" alt=\"Back to School: How To Overcome Appearance Anxiety\" class=\"img-fluid\">\n                                    <\/div>\n                    <div class=\"txt-box\">\n\t                                <h5><a href=\"https:\/\/fondationjeunesentete.org\/en\/ressource\/back-to-school-how-to-overcome-appearance-anxiety\/\" title=\"\" target=\"_blank\">Back to School: How To Overcome Appearance Anxiety<\/a><\/h5>\t                    <\/p>\n<div data-vc-full-width=\"true\" data-vc-full-width-init=\"false\" data-vc-stretch-content=\"true\">\n<div data-mh=\"vignette\">\n<p>Here\u2019s some advice to help you better understand why some teens develop anxiety about their appearance and how you can help them have an easier time going back to school.<\/p>\n<\/div>\n<\/div>\n<p>\n                            <a class=\"btn btn-primary\" href=\"https:\/\/fondationjeunesentete.org\/en\/ressource\/back-to-school-how-to-overcome-appearance-anxiety\/\"\n                   title=\"\"\n                   target=\"_blank\">READ ARTICLE<\/a>\n                    <\/div>\n    <\/div>\n<\/div>\n<div class=\"swiper-slide item\">\n    <div class=\"carousel-color-box bg-blanc module-shadow\">\n                    <div class=\"img-box\">\n                                            <img decoding=\"async\" src=\"https:\/\/fondationjeunesentete.tor1.digitaloceanspaces.com\/2026\/08\/voir-son-corps-autrement-3-2.jpg\" alt=\"Learning to appreciate your body for more than what it looks like\" class=\"img-fluid\">\n                                    <\/div>\n                    <div class=\"txt-box\">\n\t                                <h5><a href=\"https:\/\/fondationjeunesentete.org\/en\/ressource\/learning-to-appreciate-your-body-for-more-than-what-it-looks-like\/\" title=\"\" target=\"_blank\">Learning to appreciate your body for more than what it looks like<\/a><\/h5>\t                    <p>Here are a few tips and tricks to help you appreciate your body\u2019s unique strengths and everything it allows you to do on a daily basis (beyond its appearance).<\/p>\n                            <a class=\"btn btn-primary\" href=\"https:\/\/fondationjeunesentete.org\/en\/ressource\/learning-to-appreciate-your-body-for-more-than-what-it-looks-like\/\"\n                   title=\"\"\n                   target=\"_blank\">READ ARTICLE<\/a>\n                    <\/div>\n    <\/div>\n<\/div>\n<div class=\"swiper-slide item\">\n    <div class=\"carousel-color-box bg-blanc module-shadow\">\n                    <div class=\"img-box\">\n                                            <img decoding=\"async\" src=\"https:\/\/fondationjeunesentete.tor1.digitaloceanspaces.com\/2025\/05\/affirmations-positives-image-corporelle.png\" alt=\"Positive affirmations to remind me to appreciate my body and everything it...\" class=\"img-fluid\">\n                                    <\/div>\n                    <div class=\"txt-box\">\n\t                                <h5><a href=\"https:\/\/fondationjeunesentete.tor1.digitaloceanspaces.com\/2025\/05\/Postive-affirmations-body-image_FICHE-JEUNESSE_EN.pdf\" title=\"\" target=\"_blank\">Positive affirmations to remind me to appreciate my body and everything it...<\/a><\/h5>\t                    <\/p>\n<p dir=\"auto\" data-pm-slice=\"1 1 &#091;&#093;\">Positive affirmations that will help you practise expressing gratitude towards your body.<\/p>\n<p>\n                            <a class=\"btn btn-primary\" href=\"https:\/\/fondationjeunesentete.tor1.digitaloceanspaces.com\/2025\/05\/Postive-affirmations-body-image_FICHE-JEUNESSE_EN.pdf\"\n                   title=\"\"\n                   target=\"_blank\">DOWNLOAD PDF<\/a>\n                    <\/div>\n    <\/div>\n<\/div>\n<div class=\"swiper-slide item\">\n    <div class=\"carousel-color-box bg-blanc module-shadow\">\n                    <div class=\"img-box\">\n                                            <img decoding=\"async\" src=\"https:\/\/fondationjeunesentete.tor1.digitaloceanspaces.com\/2026\/08\/fjet-trousse-jeunes-hero1.jpg\" alt=\"The Teen Toolkit\" class=\"img-fluid\">\n                                    <\/div>\n                    <div class=\"txt-box\">\n\t                                <h5><a href=\"https:\/\/fondationjeunesentete.org\/en\/teen-toolkit\/?cat=body-image&for=\" title=\"\" target=\"_blank\">The Teen Toolkit<\/a><\/h5>\t                    <\/p>\n<p dir=\"auto\" data-pm-slice=\"1 1 &#091;&#093;\">Whether it\u2019s for you or for a friend going through tough times, we help teens with anxiety and provide answers to questions openly, simply and without judgement. We\u2019re here to help you better understand what\u2019s happening to you, know where to find help when you need it and learn how to develop your well-being on a daily basis.<\/p>\n<p>\n                            <a class=\"btn btn-primary\" href=\"https:\/\/fondationjeunesentete.org\/en\/teen-toolkit\/?cat=body-image&for=\"\n                   title=\"\"\n                   target=\"_blank\">View<\/a>\n                    <\/div>\n    <\/div>\n<\/div>\n                    <\/div>\n                    <div class=\"swiper-pagination\"><\/div>\n                    <div class=\"swiper-nav\">\n                        <div class=\"swiper-button-prev\"><\/div>\n                        <div class=\"swiper-button-next\"><\/div>\n                    <\/div>\n                <\/div>\n            <\/div>\n        <\/div>\n    <\/div>\n<\/div>\n[\/vc_column][\/vc_row]<\/p>\n<\/div>","protected":false},"excerpt":{"rendered":"<p>Help your teen build a positive body image and lasting self-esteem with our new back-to-school video series featuring practical tips for parents.<\/p>\n","protected":false},"author":28,"featured_media":41543,"comment_status":"open","ping_status":"open","sticky":false,"template":"","format":"standard","meta":{"_acf_changed":false,"inline_featured_image":false,"footnotes":""},"categories":[29],"tags":[],"class_list":["post-41400","post","type-post","status-publish","format-standard","has-post-thumbnail","hentry","category-articles-de-la-fondation-en"],"acf":[],"yoast_head":"<!-- This site is optimized with the Yoast SEO plugin v27.8 - https:\/\/yoast.com\/product\/yoast-seo-wordpress\/ -->\n<title>Image corporelle des ados | Be Your Teen\u2019s Ally | Youth in Mind Foundation<\/title>\n<meta name=\"description\" content=\"D\u00e9couvrez nos capsules pour aider les parents \u00e0 favoriser une image corporelle positive chez leur ado et \u00e0 devenir de meilleurs alli\u00e9s au quotidien.Discover practical tips to help your teen develop a positive body image and stronger self-esteem in our new back-to-school video series.\" \/>\n<meta name=\"robots\" content=\"index, follow, max-snippet:-1, max-image-preview:large, max-video-preview:-1\" \/>\n<link rel=\"canonical\" href=\"https:\/\/fondationjeunesentete.org\/en\/2026\/09\/01\/new-video-series-supporting-your-teens-body-image\/\" \/>\n<meta property=\"og:locale\" content=\"en_US\" \/>\n<meta property=\"og:type\" content=\"article\" \/>\n<meta property=\"og:title\" content=\"Image corporelle des ados : 3 capsules pour les parents | Fondation Jeunes en T\u00eateBack to School, Body image: be your teen&#039;s ally\" \/>\n<meta property=\"og:description\" content=\"Help your teen build a positive body image and lasting self-esteem with our new back-to-school video series featuring practical tips for parents.\" \/>\n<meta property=\"og:url\" content=\"https:\/\/fondationjeunesentete.org\/en\/2026\/09\/01\/new-video-series-supporting-your-teens-body-image\/\" \/>\n<meta property=\"og:site_name\" content=\"Fondation Jeunes en T\u00eate\" \/>\n<meta property=\"article:published_time\" content=\"2026-09-02T03:59:53+00:00\" \/>\n<meta property=\"article:modified_time\" content=\"2026-09-02T13:52:45+00:00\" \/>\n<meta name=\"author\" content=\"St\u00e9phanie H\u00e9bert\" \/>\n<meta name=\"twitter:card\" content=\"summary_large_image\" \/>\n<meta name=\"twitter:image\" content=\"https:\/\/fondationjeunesentete.tor1.digitaloceanspaces.com\/2020\/12\/sans-titre-86.png\" \/>\n<meta name=\"twitter:label1\" content=\"Written by\" \/>\n\t<meta name=\"twitter:data1\" content=\"St\u00e9phanie H\u00e9bert\" \/>\n\t<meta name=\"twitter:label2\" content=\"Est. reading time\" \/>\n\t<meta name=\"twitter:data2\" content=\"5 minutes\" \/>\n<script type=\"application\/ld+json\" class=\"yoast-schema-graph\">{\"@context\":\"https:\\\/\\\/schema.org\",\"@graph\":[{\"@type\":\"Article\",\"@id\":\"https:\\\/\\\/fondationjeunesentete.org\\\/en\\\/2026\\\/09\\\/01\\\/new-video-series-supporting-your-teens-body-image\\\/#article\",\"isPartOf\":{\"@id\":\"https:\\\/\\\/fondationjeunesentete.org\\\/en\\\/2026\\\/09\\\/01\\\/new-video-series-supporting-your-teens-body-image\\\/\"},\"author\":{\"name\":\"St\u00e9phanie H\u00e9bert\",\"@id\":\"https:\\\/\\\/fondationjeunesentete.org\\\/#\\\/schema\\\/person\\\/162162751d1e11cafc21e872ae82dc3b\"},\"headline\":\"Back to School, Body image: be your teen&#8217;s ally\",\"datePublished\":\"2026-09-02T03:59:53+00:00\",\"dateModified\":\"2026-09-02T13:52:45+00:00\",\"mainEntityOfPage\":{\"@id\":\"https:\\\/\\\/fondationjeunesentete.org\\\/en\\\/2026\\\/09\\\/01\\\/new-video-series-supporting-your-teens-body-image\\\/\"},\"wordCount\":1222,\"commentCount\":0,\"image\":{\"@id\":\"https:\\\/\\\/fondationjeunesentete.org\\\/en\\\/2026\\\/09\\\/01\\\/new-video-series-supporting-your-teens-body-image\\\/#primaryimage\"},\"thumbnailUrl\":\"https:\\\/\\\/fondationjeunesentete.tor1.digitaloceanspaces.com\\\/2026\\\/09\\\/fjet-imagecorpo-thumbnail-1920x1080-en.png\",\"articleSection\":[\"Articles from the Foundation\"],\"inLanguage\":\"en-US\",\"potentialAction\":[{\"@type\":\"CommentAction\",\"name\":\"Comment\",\"target\":[\"https:\\\/\\\/fondationjeunesentete.org\\\/en\\\/2026\\\/09\\\/01\\\/new-video-series-supporting-your-teens-body-image\\\/#respond\"]}]},{\"@type\":\"WebPage\",\"@id\":\"https:\\\/\\\/fondationjeunesentete.org\\\/en\\\/2026\\\/09\\\/01\\\/new-video-series-supporting-your-teens-body-image\\\/\",\"url\":\"https:\\\/\\\/fondationjeunesentete.org\\\/en\\\/2026\\\/09\\\/01\\\/new-video-series-supporting-your-teens-body-image\\\/\",\"name\":\"Image corporelle des ados | Be Your Teen\u2019s Ally | Youth in Mind Foundation\",\"isPartOf\":{\"@id\":\"https:\\\/\\\/fondationjeunesentete.org\\\/#website\"},\"primaryImageOfPage\":{\"@id\":\"https:\\\/\\\/fondationjeunesentete.org\\\/en\\\/2026\\\/09\\\/01\\\/new-video-series-supporting-your-teens-body-image\\\/#primaryimage\"},\"image\":{\"@id\":\"https:\\\/\\\/fondationjeunesentete.org\\\/en\\\/2026\\\/09\\\/01\\\/new-video-series-supporting-your-teens-body-image\\\/#primaryimage\"},\"thumbnailUrl\":\"https:\\\/\\\/fondationjeunesentete.tor1.digitaloceanspaces.com\\\/2026\\\/09\\\/fjet-imagecorpo-thumbnail-1920x1080-en.png\",\"datePublished\":\"2026-09-02T03:59:53+00:00\",\"dateModified\":\"2026-09-02T13:52:45+00:00\",\"author\":{\"@id\":\"https:\\\/\\\/fondationjeunesentete.org\\\/#\\\/schema\\\/person\\\/162162751d1e11cafc21e872ae82dc3b\"},\"description\":\"D\u00e9couvrez nos capsules pour aider les parents \u00e0 favoriser une image corporelle positive chez leur ado et \u00e0 devenir de meilleurs alli\u00e9s au quotidien.Discover practical tips to help your teen develop a positive body image and stronger self-esteem in our new back-to-school video series.\",\"breadcrumb\":{\"@id\":\"https:\\\/\\\/fondationjeunesentete.org\\\/en\\\/2026\\\/09\\\/01\\\/new-video-series-supporting-your-teens-body-image\\\/#breadcrumb\"},\"inLanguage\":\"en-US\",\"potentialAction\":[{\"@type\":\"ReadAction\",\"target\":[\"https:\\\/\\\/fondationjeunesentete.org\\\/en\\\/2026\\\/09\\\/01\\\/new-video-series-supporting-your-teens-body-image\\\/\"]}]},{\"@type\":\"ImageObject\",\"inLanguage\":\"en-US\",\"@id\":\"https:\\\/\\\/fondationjeunesentete.org\\\/en\\\/2026\\\/09\\\/01\\\/new-video-series-supporting-your-teens-body-image\\\/#primaryimage\",\"url\":\"https:\\\/\\\/fondationjeunesentete.tor1.digitaloceanspaces.com\\\/2026\\\/09\\\/fjet-imagecorpo-thumbnail-1920x1080-en.png\",\"contentUrl\":\"https:\\\/\\\/fondationjeunesentete.tor1.digitaloceanspaces.com\\\/2026\\\/09\\\/fjet-imagecorpo-thumbnail-1920x1080-en.png\",\"width\":8000,\"height\":4500,\"caption\":\"Body image\"},{\"@type\":\"BreadcrumbList\",\"@id\":\"https:\\\/\\\/fondationjeunesentete.org\\\/en\\\/2026\\\/09\\\/01\\\/new-video-series-supporting-your-teens-body-image\\\/#breadcrumb\",\"itemListElement\":[{\"@type\":\"ListItem\",\"position\":1,\"name\":\"Home\",\"item\":\"https:\\\/\\\/fondationjeunesentete.org\\\/en\\\/\"},{\"@type\":\"ListItem\",\"position\":2,\"name\":\"Back to School, Body image: be your teen&rsquo;s ally\"}]},{\"@type\":\"WebSite\",\"@id\":\"https:\\\/\\\/fondationjeunesentete.org\\\/#website\",\"url\":\"https:\\\/\\\/fondationjeunesentete.org\\\/\",\"name\":\"Fondation Jeunes en T\u00eate\",\"description\":\"Agissons pour le bien-\u00eatre des jeunes\",\"potentialAction\":[{\"@type\":\"SearchAction\",\"target\":{\"@type\":\"EntryPoint\",\"urlTemplate\":\"https:\\\/\\\/fondationjeunesentete.org\\\/?s={search_term_string}\"},\"query-input\":{\"@type\":\"PropertyValueSpecification\",\"valueRequired\":true,\"valueName\":\"search_term_string\"}}],\"inLanguage\":\"en-US\"},{\"@type\":\"Person\",\"@id\":\"https:\\\/\\\/fondationjeunesentete.org\\\/#\\\/schema\\\/person\\\/162162751d1e11cafc21e872ae82dc3b\",\"name\":\"St\u00e9phanie H\u00e9bert\",\"image\":{\"@type\":\"ImageObject\",\"inLanguage\":\"en-US\",\"@id\":\"https:\\\/\\\/secure.gravatar.com\\\/avatar\\\/42ea9eb6c0e35280cde3c8992b313a9e47d11754bfddf8e58bd408a0b15bc277?s=96&d=mm&r=g\",\"url\":\"https:\\\/\\\/secure.gravatar.com\\\/avatar\\\/42ea9eb6c0e35280cde3c8992b313a9e47d11754bfddf8e58bd408a0b15bc277?s=96&d=mm&r=g\",\"contentUrl\":\"https:\\\/\\\/secure.gravatar.com\\\/avatar\\\/42ea9eb6c0e35280cde3c8992b313a9e47d11754bfddf8e58bd408a0b15bc277?s=96&d=mm&r=g\",\"caption\":\"St\u00e9phanie H\u00e9bert\"},\"url\":\"https:\\\/\\\/fondationjeunesentete.org\\\/en\\\/author\\\/shebert\\\/\"}]}<\/script>\n<!-- \/ Yoast SEO plugin. -->","yoast_head_json":{"title":"Image corporelle des ados | Be Your Teen\u2019s Ally | Youth in Mind Foundation","description":"D\u00e9couvrez nos capsules pour aider les parents \u00e0 favoriser une image corporelle positive chez leur ado et \u00e0 devenir de meilleurs alli\u00e9s au quotidien.Discover practical tips to help your teen develop a positive body image and stronger self-esteem in our new back-to-school video series.","robots":{"index":"index","follow":"follow","max-snippet":"max-snippet:-1","max-image-preview":"max-image-preview:large","max-video-preview":"max-video-preview:-1"},"canonical":"https:\/\/fondationjeunesentete.org\/en\/2026\/09\/01\/new-video-series-supporting-your-teens-body-image\/","og_locale":"en_US","og_type":"article","og_title":"Image corporelle des ados : 3 capsules pour les parents | Fondation Jeunes en T\u00eateBack to School, Body image: be your teen's ally","og_description":"Help your teen build a positive body image and lasting self-esteem with our new back-to-school video series featuring practical tips for parents.","og_url":"https:\/\/fondationjeunesentete.org\/en\/2026\/09\/01\/new-video-series-supporting-your-teens-body-image\/","og_site_name":"Fondation Jeunes en T\u00eate","article_published_time":"2026-09-02T03:59:53+00:00","article_modified_time":"2026-09-02T13:52:45+00:00","author":"St\u00e9phanie H\u00e9bert","twitter_card":"summary_large_image","twitter_image":"https:\/\/fondationjeunesentete.tor1.digitaloceanspaces.com\/2020\/12\/sans-titre-86.png","twitter_misc":{"Written by":"St\u00e9phanie H\u00e9bert","Est. reading time":"5 minutes"},"schema":{"@context":"https:\/\/schema.org","@graph":[{"@type":"Article","@id":"https:\/\/fondationjeunesentete.org\/en\/2026\/09\/01\/new-video-series-supporting-your-teens-body-image\/#article","isPartOf":{"@id":"https:\/\/fondationjeunesentete.org\/en\/2026\/09\/01\/new-video-series-supporting-your-teens-body-image\/"},"author":{"name":"St\u00e9phanie H\u00e9bert","@id":"https:\/\/fondationjeunesentete.org\/#\/schema\/person\/162162751d1e11cafc21e872ae82dc3b"},"headline":"Back to School, Body image: be your teen&#8217;s ally","datePublished":"2026-09-02T03:59:53+00:00","dateModified":"2026-09-02T13:52:45+00:00","mainEntityOfPage":{"@id":"https:\/\/fondationjeunesentete.org\/en\/2026\/09\/01\/new-video-series-supporting-your-teens-body-image\/"},"wordCount":1222,"commentCount":0,"image":{"@id":"https:\/\/fondationjeunesentete.org\/en\/2026\/09\/01\/new-video-series-supporting-your-teens-body-image\/#primaryimage"},"thumbnailUrl":"https:\/\/fondationjeunesentete.tor1.digitaloceanspaces.com\/2026\/09\/fjet-imagecorpo-thumbnail-1920x1080-en.png","articleSection":["Articles from the Foundation"],"inLanguage":"en-US","potentialAction":[{"@type":"CommentAction","name":"Comment","target":["https:\/\/fondationjeunesentete.org\/en\/2026\/09\/01\/new-video-series-supporting-your-teens-body-image\/#respond"]}]},{"@type":"WebPage","@id":"https:\/\/fondationjeunesentete.org\/en\/2026\/09\/01\/new-video-series-supporting-your-teens-body-image\/","url":"https:\/\/fondationjeunesentete.org\/en\/2026\/09\/01\/new-video-series-supporting-your-teens-body-image\/","name":"Image corporelle des ados | Be Your Teen\u2019s Ally | Youth in Mind Foundation","isPartOf":{"@id":"https:\/\/fondationjeunesentete.org\/#website"},"primaryImageOfPage":{"@id":"https:\/\/fondationjeunesentete.org\/en\/2026\/09\/01\/new-video-series-supporting-your-teens-body-image\/#primaryimage"},"image":{"@id":"https:\/\/fondationjeunesentete.org\/en\/2026\/09\/01\/new-video-series-supporting-your-teens-body-image\/#primaryimage"},"thumbnailUrl":"https:\/\/fondationjeunesentete.tor1.digitaloceanspaces.com\/2026\/09\/fjet-imagecorpo-thumbnail-1920x1080-en.png","datePublished":"2026-09-02T03:59:53+00:00","dateModified":"2026-09-02T13:52:45+00:00","author":{"@id":"https:\/\/fondationjeunesentete.org\/#\/schema\/person\/162162751d1e11cafc21e872ae82dc3b"},"description":"D\u00e9couvrez nos capsules pour aider les parents \u00e0 favoriser une image corporelle positive chez leur ado et \u00e0 devenir de meilleurs alli\u00e9s au quotidien.Discover practical tips to help your teen develop a positive body image and stronger self-esteem in our new back-to-school video series.","breadcrumb":{"@id":"https:\/\/fondationjeunesentete.org\/en\/2026\/09\/01\/new-video-series-supporting-your-teens-body-image\/#breadcrumb"},"inLanguage":"en-US","potentialAction":[{"@type":"ReadAction","target":["https:\/\/fondationjeunesentete.org\/en\/2026\/09\/01\/new-video-series-supporting-your-teens-body-image\/"]}]},{"@type":"ImageObject","inLanguage":"en-US","@id":"https:\/\/fondationjeunesentete.org\/en\/2026\/09\/01\/new-video-series-supporting-your-teens-body-image\/#primaryimage","url":"https:\/\/fondationjeunesentete.tor1.digitaloceanspaces.com\/2026\/09\/fjet-imagecorpo-thumbnail-1920x1080-en.png","contentUrl":"https:\/\/fondationjeunesentete.tor1.digitaloceanspaces.com\/2026\/09\/fjet-imagecorpo-thumbnail-1920x1080-en.png","width":8000,"height":4500,"caption":"Body image"},{"@type":"BreadcrumbList","@id":"https:\/\/fondationjeunesentete.org\/en\/2026\/09\/01\/new-video-series-supporting-your-teens-body-image\/#breadcrumb","itemListElement":[{"@type":"ListItem","position":1,"name":"Home","item":"https:\/\/fondationjeunesentete.org\/en\/"},{"@type":"ListItem","position":2,"name":"Back to School, Body image: be your teen&rsquo;s ally"}]},{"@type":"WebSite","@id":"https:\/\/fondationjeunesentete.org\/#website","url":"https:\/\/fondationjeunesentete.org\/","name":"Fondation Jeunes en T\u00eate","description":"Agissons pour le bien-\u00eatre des jeunes","potentialAction":[{"@type":"SearchAction","target":{"@type":"EntryPoint","urlTemplate":"https:\/\/fondationjeunesentete.org\/?s={search_term_string}"},"query-input":{"@type":"PropertyValueSpecification","valueRequired":true,"valueName":"search_term_string"}}],"inLanguage":"en-US"},{"@type":"Person","@id":"https:\/\/fondationjeunesentete.org\/#\/schema\/person\/162162751d1e11cafc21e872ae82dc3b","name":"St\u00e9phanie H\u00e9bert","image":{"@type":"ImageObject","inLanguage":"en-US","@id":"https:\/\/secure.gravatar.com\/avatar\/42ea9eb6c0e35280cde3c8992b313a9e47d11754bfddf8e58bd408a0b15bc277?s=96&d=mm&r=g","url":"https:\/\/secure.gravatar.com\/avatar\/42ea9eb6c0e35280cde3c8992b313a9e47d11754bfddf8e58bd408a0b15bc277?s=96&d=mm&r=g","contentUrl":"https:\/\/secure.gravatar.com\/avatar\/42ea9eb6c0e35280cde3c8992b313a9e47d11754bfddf8e58bd408a0b15bc277?s=96&d=mm&r=g","caption":"St\u00e9phanie H\u00e9bert"},"url":"https:\/\/fondationjeunesentete.org\/en\/author\/shebert\/"}]}},"_links":{"self":[{"href":"https:\/\/fondationjeunesentete.org\/en\/wp-json\/wp\/v2\/posts\/41400","targetHints":{"allow":["GET"]}}],"collection":[{"href":"https:\/\/fondationjeunesentete.org\/en\/wp-json\/wp\/v2\/posts"}],"about":[{"href":"https:\/\/fondationjeunesentete.org\/en\/wp-json\/wp\/v2\/types\/post"}],"author":[{"embeddable":true,"href":"https:\/\/fondationjeunesentete.org\/en\/wp-json\/wp\/v2\/users\/28"}],"replies":[{"embeddable":true,"href":"https:\/\/fondationjeunesentete.org\/en\/wp-json\/wp\/v2\/comments?post=41400"}],"version-history":[{"count":15,"href":"https:\/\/fondationjeunesentete.org\/en\/wp-json\/wp\/v2\/posts\/41400\/revisions"}],"predecessor-version":[{"id":41489,"href":"https:\/\/fondationjeunesentete.org\/en\/wp-json\/wp\/v2\/posts\/41400\/revisions\/41489"}],"wp:featuredmedia":[{"embeddable":true,"href":"https:\/\/fondationjeunesentete.org\/en\/wp-json\/wp\/v2\/media\/41543"}],"wp:attachment":[{"href":"https:\/\/fondationjeunesentete.org\/en\/wp-json\/wp\/v2\/media?parent=41400"}],"wp:term":[{"taxonomy":"category","embeddable":true,"href":"https:\/\/fondationjeunesentete.org\/en\/wp-json\/wp\/v2\/categories?post=41400"},{"taxonomy":"post_tag","embeddable":true,"href":"https:\/\/fondationjeunesentete.org\/en\/wp-json\/wp\/v2\/tags?post=41400"}],"curies":[{"name":"wp","href":"https:\/\/api.w.org\/{rel}","templated":true}]}}