{"id":36432,"date":"2025-10-03T08:02:12","date_gmt":"2025-10-03T12:02:12","guid":{"rendered":"https:\/\/fondationjeunesentete.org\/?p=36432"},"modified":"2026-02-09T10:56:31","modified_gmt":"2026-02-09T15:56:31","slug":"new-podcast-series-just-a-phase-fjet-gris-montreal-ensemble","status":"publish","type":"post","link":"https:\/\/fondationjeunesentete.org\/en\/2025\/10\/03\/new-podcast-series-just-a-phase-fjet-gris-montreal-ensemble\/","title":{"rendered":"New podcast series \u2014 Just a Phase"},"content":{"rendered":"<div class=\"wpb-content-wrapper\"><p>[vc_row full_width=&#8221;stretch_row_content&#8221;][vc_column]<div class=\"fjet-module-container module-without-overflow bg module-hero bg-color module-bg-color-vertPale \">\n    <div class=\"bg-img-hero \" style=\"background-image: url('https:\/\/fondationjeunesentete.tor1.digitaloceanspaces.com\/2025\/09\/fjet-sj-banniere-de-la-page-1920x930-en-podcast-cjup.jpg')\">                <div class=\"container\">\n                        <div class=\"row justify-content-center desktop-only\">\n                <div class=\"col-xl-8\">\n                    <div class=\"content-hero content-txt text-center no-bt \">\n                                                                        <p class=\"lead text-color-\"><\/p>\n                        <div class=\"box-btns\">\t                    \t\t\t\t\t\t<\/div>\n                    <\/div>\n                <\/div>\n            <\/div>\n        <\/div>\n    <\/div>    <div class=\"container mobile-only with-bg \">\n        <div class=\"row row-mobile\">\n            <div class=\"col-12\">\n                <div class=\"content-txt \">\n                                                            <p class=\"lead text-color-\"><\/p>\n\t\t\t\t\t<div class=\"box-btns\">\t                \t\t\t\t\t<\/div>\n                <\/div>\n            <\/div>\n        <\/div>\n    <\/div>\n<\/div>\n[\/vc_column][\/vc_row][vc_row full_width=&#8221;stretch_row_content_no_spaces&#8221;][vc_column]<div class=\"fjet-module-container module-title-container module-without-overflow  bg-color module-bg-color-jaunePale    \">\n            <div class=\"decoration-box desktop\" style=\"background-image: url('https:\/\/fondationjeunesentete.tor1.digitaloceanspaces.com\/2020\/09\/Frame-374-mbl.svg')\"><\/div><div class=\"decoration-box mobile\" style=\"background-image: url('')\"><\/div>\n        <div class=\"container\">\n            <div class=\"row\">\n                <div class=\"col-12\">\n                    <div class=\"content-txt \">\n                                                                    <\/div>\n                    <div class=\"content-vc\">\n                        [vc_row_inner][vc_column_inner width=&#8221;1\/6&#8243;]<div class=\"fjet-module-container image-texte-module  \">\n    <div class=\"container\">\n        <div class=\"row\">\n            <div class=\"col-12\">\n    <div class=\"content-img\" >\n        <div class=\"img-radius-8 pb-26\">\n            <img decoding=\"async\" src=\"https:\/\/fondationjeunesentete.tor1.digitaloceanspaces.com\/2025\/09\/powered-by.png\" alt=\"\" class=\"img-fluid\">\n        <\/div>    <\/div>\n    <div class=\"content-txt\"  >\n                        <\/p>\n<h6 style=\"text-align: center;\"><\/h6>\n<h6 style=\"text-align: center; padding-left: 40px; padding-right: 40px;\"><\/h6>\n<p>\n            <\/div>\n            <\/div>\n        <\/div>\n    <\/div>\n<\/div>[\/vc_column_inner][vc_column_inner width=&#8221;2\/3&#8243;]<div class=\"fjet-module-container image-texte-module  \">\n    <div class=\"container\">\n        <div class=\"row\">\n            <div class=\"col-12\">\n    <div class=\"content-img\" >\n            <\/div>\n    <div class=\"content-txt\"  >\n                        <p><span class=\"EOP SCXW188480842 BCX0\" data-ccp-props=\"{&quot;134233117&quot;:false,&quot;134233118&quot;:false,&quot;335551550&quot;:6,&quot;335551620&quot;:6,&quot;335559738&quot;:240,&quot;335559739&quot;:240}\"><span class=\"TextRun SCXW222735102 BCX0\" lang=\"EN-US\" xml:lang=\"EN-US\" data-contrast=\"auto\"><span class=\"NormalTextRun AdvancedProofingIssueV2Themed SCXW222735102 BCX0\">On the occasion of<\/span> <span class=\"NormalTextRun SCXW222735102 BCX0\">World Mental Health Day<\/span><span class=\"NormalTextRun SCXW222735102 BCX0\">, <\/span><span class=\"NormalTextRun SCXW222735102 BCX0\">October 10<\/span><span class=\"NormalTextRun SCXW222735102 BCX0\">,<\/span> <span class=\"NormalTextRun SCXW222735102 BCX0\">the<\/span> <\/span><strong><span class=\"TextRun SCXW222735102 BCX0\" lang=\"EN-US\" xml:lang=\"EN-US\" data-contrast=\"auto\"><span class=\"NormalTextRun SCXW222735102 BCX0\">Youth in Mind Foundation<\/span><\/span><\/strong><span class=\"TextRun SCXW222735102 BCX0\" lang=\"EN-US\" xml:lang=\"EN-US\" data-contrast=\"auto\"> <span class=\"NormalTextRun SCXW222735102 BCX0\">is joining forces with<\/span> <\/span><strong><span class=\"TextRun SCXW222735102 BCX0\" lang=\"EN-US\" xml:lang=\"EN-US\" data-contrast=\"auto\"><span class=\"NormalTextRun SCXW222735102 BCX0\">GRIS-Montr\u00e9al<\/span><\/span><\/strong><span class=\"TextRun SCXW222735102 BCX0\" lang=\"EN-US\" xml:lang=\"EN-US\" data-contrast=\"auto\"> <span class=\"NormalTextRun SCXW222735102 BCX0\">and<\/span> <\/span><strong><span class=\"TextRun SCXW222735102 BCX0\" lang=\"EN-US\" xml:lang=\"EN-US\" data-contrast=\"auto\"><span class=\"NormalTextRun SCXW222735102 BCX0\">Ensemble pour le respect de la <\/span><span class=\"NormalTextRun SpellingErrorV2Themed SCXW222735102 BCX0\">diversit\u00e9<\/span><\/span><\/strong><span class=\"TextRun SCXW222735102 BCX0\" lang=\"EN-US\" xml:lang=\"EN-US\" data-contrast=\"auto\"> <span class=\"NormalTextRun SCXW222735102 BCX0\">to launch a podcast series aimed at fostering a supportive environment for queer youth and those around them<\/span><span class=\"NormalTextRun SCXW222735102 BCX0\">.<\/span><\/span><span class=\"EOP SCXW222735102 BCX0\" data-ccp-props=\"{&quot;335551550&quot;:6,&quot;335551620&quot;:6,&quot;335559738&quot;:240,&quot;335559739&quot;:240}\">\u00a0<\/span><\/span><\/p>\n<h4><span class=\"TextRun SCXW18310452 BCX0\" lang=\"EN-US\" xml:lang=\"EN-US\" data-contrast=\"auto\"><span class=\"NormalTextRun SCXW18310452 BCX0\">Four episodes. Two languages. One universal quest: belonging.<\/span><\/span><span class=\"EOP SCXW18310452 BCX0\" data-ccp-props=\"{&quot;335551550&quot;:6,&quot;335551620&quot;:6,&quot;335559738&quot;:240,&quot;335559739&quot;:240}\">\u00a0<\/span><\/h4>\n<p><span data-contrast=\"auto\">A classroom where someone speaks up for the very first time. A hallway where another shares how they finally felt at home. Sometimes whispered, sometimes through bursts of laughter\u2014these are stories of identity, discovery, and affirmation.<\/span><span data-ccp-props=\"{&quot;335551550&quot;:6,&quot;335551620&quot;:6,&quot;335559738&quot;:240,&quot;335559739&quot;:240}\">\u00a0<\/span><\/p>\n<p><span data-contrast=\"auto\"><strong>This documentary series\u2014two episodes in French, two in English\u2014takes us into the heart of school life to hear from those navigating the search for who they are.<\/strong> It explores coming out, building trust, the power of supportive looks\u2014and the sting of hurtful ones. It also confronts the rise of LGBTQ-phobia and the ways people respond, with courage, humor, and tenderness.<\/span><span data-ccp-props=\"{&quot;335551550&quot;:6,&quot;335551620&quot;:6,&quot;335559738&quot;:240,&quot;335559739&quot;:240}\">\u00a0<\/span><\/p>\n<p><span data-contrast=\"auto\">Through deeply personal testimonies, raw soundscapes, and the voices of educators and advocates, the series weaves together unique experiences bound by a common thread: the search for a safe space to live\u2014and thrive\u2014as your true self.<\/span><span data-ccp-props=\"{&quot;335551550&quot;:6,&quot;335551620&quot;:6,&quot;335559738&quot;:240,&quot;335559739&quot;:240}\">\u00a0<\/span><\/p>\n            <\/div>\n            <\/div>\n        <\/div>\n    <\/div>\n<\/div>[\/vc_column_inner][vc_column_inner width=&#8221;1\/6&#8243;][\/vc_column_inner][\/vc_row_inner]                    <\/div>\n                <\/div>\n            <\/div>\n        <\/div>\n        <\/div>\n[\/vc_column][\/vc_row][vc_row full_width=&#8221;stretch_row_content_no_spaces&#8221; css=&#8221;.vc_custom_1708544647267{background-color: #fff6d4 !important;}&#8221; el_id=&#8221;video-bloc_portrait&#8221;][vc_column offset=&#8221;vc_col-lg-offset-2 vc_col-lg-8 vc_col-md-offset-2 vc_col-md-8 vc_col-xs-12&#8243;]<div class=\"fjet-module-container module-without-overflow module-videos bg-color module-bg-color-\"  data-target=\"vid-player-5\">\n        <div class=\"container\">\n        <div class=\"row\">\n            <div class=\"col-12\">\n                <div class=\"content-txt text-center\">\n                                        <h2 class=\"text-color-vert title-outline-bleu\">Watch the podcast trailer:<\/h2>                <\/div>\n            <\/div>\n        <\/div>\n        <div class=\"row\">\n            <div class=\"col-12\">\n                            <div class=\"video-img-box\">\n                        <div class=\"video-container-responsive\">\n            <iframe src=\"\/\/www.youtube.com\/embed\/toUSgE2O-zc?enablejsapi=1&origin=https:\/\/fondationjeunesentete.org\" frameborder=\"0\" allow=\"accelerometer; autoplay; encrypted-media; gyroscope; picture-in-picture\" allowfullscreen id=\"vid-player-5\"><\/iframe>\n            <\/div>\n        <\/div>\n        <div class=\"video-desc-box color-inverse \" style=\"opacity:0;\">\n            <p>\n                <strong><span class=\"sr-only\">Video: <\/span><span class=\"legend-container\"><\/span><\/strong>\n            <\/p>\n        <\/div>\n                    <\/div>\n        <\/div>\n            <\/div>\n<\/div>\n\n[\/vc_column][\/vc_row][vc_row full_width=&#8221;stretch_row_content_no_spaces&#8221;][vc_column el_id=&#8221;video-2col_15questiondepression&#8221; el_class=&#8221;scribble-position-center&#8221;]<div class=\"fjet-module-container module-title-container module-without-overflow  bg-color module-bg-color-jaunePale    \">\n                    <div class=\"container\">\n            <div class=\"row\">\n                <div class=\"col-12\">\n                    <div class=\"content-txt \">\n                                                <h2 class=\"text-color- title-outline-bleu\">DISCOVER ALL EPISODES:<\/h2>                    <\/div>\n                    <div class=\"content-vc\">\n                        [vc_row_inner content_placement=&#8221;middle&#8221; css=&#8221;.vc_custom_1591988263730{margin-top: -80px !important;}&#8221;][vc_column_inner el_class=&#8221;d-flex align-items-center&#8221; width=&#8221;1\/2&#8243;][vc_column_text css=&#8221;&#8221;]<\/p>\n<h4>\u00c9pisode 1 \u2013 <span class=\"TextRun SCXW32752346 BCX0\" lang=\"FR-FR\" xml:lang=\"FR-FR\" data-contrast=\"auto\"><span class=\"NormalTextRun SCXW32752346 BCX0\">Je pensais que j&#8217;\u00e9tais seul\u00b7e au monde (in French only)<\/span><\/span><\/h4>\n<p><span data-contrast=\"auto\">\u00c0 l\u2019int\u00e9rieur d\u2019un club LGBTQ dans une \u00e9cole secondaire, des \u00e9l\u00e8ves partagent leurs histoires, aux c\u00f4t\u00e9s d\u2019intervenant\u00b7es communautaires et d\u2019enseignant\u00b7es ouvertement queer. Sur fond de mont\u00e9e de la haine envers la diversit\u00e9 sexuelle et de genre, ce balado pr\u00e9sente le portrait d\u2019une jeunesse queer et des adultes qui partagent leur quotiden:\u00a0 Un grand-papa gay, une meilleure amie alli\u00e9e, une personne bispirituelle, une jeune lesboqueer et musulmane, une femme trans des \u00eeles-de-la-Madeleine, etc. De leur \u00e9veil LGBTQ \u00e0 leurs coming out, d\u00e9couvrez les r\u00e9cits de celles, ceux et celleux qui ont choisi de ne plus vivre dans la honte.<\/span><span data-ccp-props=\"{&quot;134233117&quot;:false,&quot;134233118&quot;:false,&quot;335551550&quot;:6,&quot;335551620&quot;:6,&quot;335559738&quot;:0,&quot;335559739&quot;:0}\">\u00a0<\/span><\/p>\n<p>\ud83c\udfa7<a href=\"https:\/\/open.spotify.com\/show\/1cffTch2hi0nxcMkaKSIj3\">\u00c9couter sur Spotify<\/a><br \/>\n\ud83c\udfa7<a href=\"https:\/\/podcasts.apple.com\/us\/podcast\/cest-juste-une-phase-just-a-phase\/id1837936120\">\u00c9couter sur Apple Podcasts<\/a>[\/vc_column_text][\/vc_column_inner][vc_column_inner el_class=&#8221;d-flex align-items-center&#8221; width=&#8221;1\/2&#8243;]<div class=\"module-videos-simple fjet-module-container\">\n    <div class=\"container\">\n        <div class=\"row\">\n            <div class=\"col-12\">\n    <div class=\"video-img-box\">\n        <div class=\"video-container-responsive\">\n            <iframe src=\"\/\/www.youtube.com\/embed\/oMTfYto27oc?enablejsapi=1&origin=https:\/\/fondationjeunesentete.org\" frameborder=\"0\" allow=\"accelerometer; autoplay; encrypted-media; gyroscope; picture-in-picture\" allowfullscreen id=\"vid-player-8\"><\/iframe>\n        <\/div>\n    <\/div>\n    <\/div>\n    <\/div>\n    <\/div>\n<\/div>[\/vc_column_inner][\/vc_row_inner]                    <\/div>\n                <\/div>\n            <\/div>\n        <\/div>\n        <\/div>\n[\/vc_column][\/vc_row][vc_row full_width=&#8221;stretch_row_content_no_spaces&#8221;][vc_column el_class=&#8221;scribble-position-center&#8221;]<div class=\"fjet-module-container module-title-container module-without-overflow  bg-color module-bg-color-jaunePale    \">\n                    <div class=\"container\">\n            <div class=\"row\">\n                <div class=\"col-12\">\n                    <div class=\"content-txt \">\n                                                                    <\/div>\n                    <div class=\"content-vc\">\n                        [vc_row_inner content_placement=&#8221;middle&#8221; css=&#8221;.vc_custom_1591988263730{margin-top: -80px !important;}&#8221;][vc_column_inner el_class=&#8221;d-flex align-items-center&#8221; width=&#8221;1\/2&#8243;][vc_column_text css=&#8221;&#8221;]<\/p>\n<h4>\u00c9pisode 2 \u2013 C&#8217;est juste du respect (in French only)<\/h4>\n<p><span data-contrast=\"auto\">\u00ab Si tu bouges, t\u2019es gay. \u00bb Dans les cours d\u2019\u00e9cole \u00e0 travers le Qu\u00e9bec, l\u2019homophobie et la transphobie sont en hausse. En donnant la parole \u00e0 celles et ceux qui les subissent chaque jour, cet \u00e9pisode nous invite \u00e0 r\u00e9fl\u00e9chir \u00e0 comment y faire face tout en se rappelant la force de la bienveillance et de l\u2019\u00e9ducation. Et si l\u2019amour \u00e9tait vraiment plus fort que la haine ?<\/span><span data-ccp-props=\"{&quot;134233117&quot;:false,&quot;134233118&quot;:false,&quot;335551550&quot;:6,&quot;335551620&quot;:6,&quot;335559738&quot;:0,&quot;335559739&quot;:0}\">\u00a0<\/span><\/p>\n<p>\ud83c\udfa7<a href=\"https:\/\/open.spotify.com\/episode\/6DZ4aDiBTtLVPvBzW3CEWi\">\u00c9couter sur Spotify<\/a><br \/>\n\ud83c\udfa7<a href=\"https:\/\/podcasts.apple.com\/us\/podcast\/cest-juste-du-respect\/id1837936120?i=1000732287585\">\u00c9couter sur Apple Podcasts<\/a>[\/vc_column_text][\/vc_column_inner][vc_column_inner el_class=&#8221;d-flex align-items-center&#8221; width=&#8221;1\/2&#8243;][\/vc_column_inner][\/vc_row_inner]                    <\/div>\n                <\/div>\n            <\/div>\n        <\/div>\n        <\/div>\n[\/vc_column][\/vc_row][vc_row full_width=&#8221;stretch_row_content_no_spaces&#8221;][vc_column el_class=&#8221;scribble-position-center&#8221;]<div class=\"fjet-module-container module-title-container module-without-overflow  bg-color module-bg-color-jaunePale    \">\n                    <div class=\"container\">\n            <div class=\"row\">\n                <div class=\"col-12\">\n                    <div class=\"content-txt \">\n                                                                    <\/div>\n                    <div class=\"content-vc\">\n                        [vc_row_inner content_placement=&#8221;middle&#8221; css=&#8221;.vc_custom_1591988263730{margin-top: -80px !important;}&#8221;][vc_column_inner el_class=&#8221;d-flex align-items-center&#8221; width=&#8221;1\/2&#8243;][vc_column_text css=&#8221;&#8221;]<\/p>\n<h4>\u00c9pisode 3 \u2013 That butterfly feeling<\/h4>\n<p><span data-contrast=\"auto\">Inside a high school LGBTQ club, students open up about their lives, joined by community workers and openly queer teachers. Against the backdrop of rising hatred toward sexual and gender diversity, this podcast amplifies voices of resilience and pride: a gender-fluid Catholic teenager, a proud teacher ally, a bigender omnisexual student, a queer-questioning educator, a trans non-binary social health worker, and more. From first realizations to coming out, these are the stories of those who refuse to live in shame.<\/span><span data-ccp-props=\"{&quot;134233117&quot;:false,&quot;134233118&quot;:false,&quot;335551550&quot;:6,&quot;335551620&quot;:6,&quot;335559738&quot;:0,&quot;335559739&quot;:0}\">\u00a0<\/span><\/p>\n<p>\ud83c\udfa7<a href=\"https:\/\/open.spotify.com\/episode\/62KJW5vDP5ASHSTf9VSylo\">Listen on Spotify<\/a><br \/>\n\ud83c\udfa7<a href=\"https:\/\/podcasts.apple.com\/us\/podcast\/cest-juste-une-phase-just-a-phase\/id1837936120\">Listen on Apple Podcasts<\/a>[\/vc_column_text][\/vc_column_inner][vc_column_inner el_class=&#8221;d-flex align-items-center&#8221; width=&#8221;1\/2&#8243;]<div class=\"module-videos-simple fjet-module-container\">\n    <div class=\"container\">\n        <div class=\"row\">\n            <div class=\"col-12\">\n    <div class=\"video-img-box\">\n        <div class=\"video-container-responsive\">\n            <iframe src=\"\/\/www.youtube.com\/embed\/74jahSyk624?enablejsapi=1&origin=https:\/\/fondationjeunesentete.org\" frameborder=\"0\" allow=\"accelerometer; autoplay; encrypted-media; gyroscope; picture-in-picture\" allowfullscreen id=\"vid-player-11\"><\/iframe>\n        <\/div>\n    <\/div>\n    <\/div>\n    <\/div>\n    <\/div>\n<\/div>[\/vc_column_inner][\/vc_row_inner]                    <\/div>\n                <\/div>\n            <\/div>\n        <\/div>\n        <\/div>\n[\/vc_column][\/vc_row][vc_row full_width=&#8221;stretch_row_content_no_spaces&#8221;][vc_column el_class=&#8221;scribble-position-center&#8221;]<div class=\"fjet-module-container module-title-container module-without-overflow  bg-color module-bg-color-jaunePale    \">\n                    <div class=\"container\">\n            <div class=\"row\">\n                <div class=\"col-12\">\n                    <div class=\"content-txt \">\n                                                                    <\/div>\n                    <div class=\"content-vc\">\n                        [vc_row_inner content_placement=&#8221;middle&#8221; css=&#8221;.vc_custom_1591988263730{margin-top: -80px !important;}&#8221;][vc_column_inner el_class=&#8221;d-flex align-items-center&#8221; width=&#8221;1\/2&#8243;][vc_column_text css=&#8221;&#8221;]<\/p>\n<h4>\u00c9pisode 4 \u2013 Do better, bestie<\/h4>\n<p><span data-contrast=\"auto\">\u201cIf you move, you\u2019re gay.\u201d In schoolyards across Quebec, homophobia and transphobia are on the rise. By giving voice to those who face it every day, this episode invites us to reflect on how to confront it and to remember that kindness and education are powerful tools. What if love does always win?<\/span><span data-ccp-props=\"{&quot;134233117&quot;:false,&quot;134233118&quot;:false,&quot;335551550&quot;:6,&quot;335551620&quot;:6,&quot;335559738&quot;:0,&quot;335559739&quot;:0}\">\u00a0<\/span><\/p>\n<p>\ud83c\udfa7<a href=\"https:\/\/open.spotify.com\/episode\/6EB5k4NdOfJ9o74O9eAB01\">Listen on Spotify<\/a><br \/>\n\ud83c\udfa7<a href=\"https:\/\/podcasts.apple.com\/us\/podcast\/do-better-bestie\/id1837936120?i=1000734426882\">Listen on Apple Podcasts<\/a>[\/vc_column_text][\/vc_column_inner][vc_column_inner el_class=&#8221;d-flex align-items-center&#8221; width=&#8221;1\/2&#8243;][\/vc_column_inner][\/vc_row_inner]                    <\/div>\n                <\/div>\n            <\/div>\n        <\/div>\n        <\/div>\n[\/vc_column][\/vc_row][vc_row full_width=&#8221;stretch_row_content_no_spaces&#8221; css=&#8221;.vc_custom_1601415806403{padding-top: 0px !important;}&#8221;][vc_column]<div class=\"fjet-module-container module-title-container module-without-overflow  bg-color module-bg-color-blanc    images-selement\">\n                    <div class=\"container\">\n            <div class=\"row\">\n                <div class=\"col-12\">\n                    <div class=\"content-txt \">\n                                                                    <\/div>\n                    <div class=\"content-vc\">\n                        [vc_row_inner][vc_column_inner width=&#8221;1\/6&#8243;][\/vc_column_inner][vc_column_inner width=&#8221;2\/3&#8243;]<div class=\"fjet-module-container image-texte-module  \">\n    <div class=\"container\">\n        <div class=\"row\">\n            <div class=\"col-12\">\n    <div class=\"content-img\" >\n        <div class=\"img-radius-8 pb-26\">\n            <img decoding=\"async\" src=\"https:\/\/fondationjeunesentete.tor1.digitaloceanspaces.com\/2025\/09\/logos-balado-eng.png\" alt=\"\" class=\"img-fluid\">\n        <\/div>    <\/div>\n    <div class=\"content-txt\"  >\n                        <p><span class=\"TextRun SCXW140578600 BCX0\" lang=\"FR-FR\" xml:lang=\"FR-FR\" data-contrast=\"auto\"><span class=\"NormalTextRun SCXW140578600 BCX0\">A series co-produced by the <\/span><span class=\"NormalTextRun SCXW140578600 BCX0\"><a href=\"https:\/\/fondationjeunesentete.org\/en\/\" target=\"_blank\" rel=\"noopener\">Youth in Mind Foundation<\/a><\/span><span class=\"NormalTextRun SCXW140578600 BCX0\">, <a href=\"https:\/\/ensemble-rd.com\/\" target=\"_blank\" rel=\"noopener\">Ensemble pour le respect de la diversit\u00e9<\/a><\/span><span class=\"NormalTextRun SCXW140578600 BCX0\">, <a href=\"https:\/\/www.gris.ca\/\" target=\"_blank\" rel=\"noopener\">GRIS-Montr\u00e9al<\/a>, and<\/span><span class=\"NormalTextRun SCXW140578600 BCX0\">\u00a0<a href=\"https:\/\/www.alatroismedia.com\/\" target=\"_blank\" rel=\"noopener\">\u00c0 la Trois m\u00e9dia<\/a><\/span><span class=\"NormalTextRun SCXW140578600 BCX0\">, <span class=\"TextRun SCXW32344944 BCX0\" lang=\"EN-US\" xml:lang=\"EN-US\" data-contrast=\"none\"><span class=\"NormalTextRun SCXW32344944 BCX0\">made possible thanks to the generosity of Manulife. <\/span><\/span><span class=\"TextRun SCXW32344944 BCX0\" lang=\"EN-US\" xml:lang=\"EN-US\" data-contrast=\"none\"><span class=\"NormalTextRun SCXW32344944 BCX0\">Manulife&#8217;s support is in alignment with their <\/span><\/span><a class=\"Hyperlink SCXW32344944 BCX0\" href=\"https:\/\/www.manulife.com\/en\/about\/sustainability\/impact-agenda.html?=\" target=\"_blank\" rel=\"noreferrer noopener\"><span class=\"TextRun Underlined SCXW32344944 BCX0\" lang=\"EN-US\" xml:lang=\"EN-US\" data-contrast=\"none\"><span class=\"NormalTextRun SCXW32344944 BCX0\" data-ccp-charstyle=\"Hyperlink\">Impact Agenda<\/span><\/span><\/a><span class=\"TextRun SCXW32344944 BCX0\" lang=\"EN-US\" xml:lang=\"EN-US\" data-contrast=\"none\"><span class=\"NormalTextRun SCXW32344944 BCX0\"> and its commitment to empowering sustained health and well-being.<\/span><\/span><span class=\"EOP SCXW32344944 BCX0\" data-ccp-props=\"{&quot;201341983&quot;:0,&quot;335551550&quot;:6,&quot;335551620&quot;:6,&quot;335557856&quot;:16777215,&quot;335559739&quot;:200,&quot;335559740&quot;:253}\">\u00a0<\/span><\/span><\/span><span class=\"TextRun SCXW140578600 BCX0\" lang=\"FR-FR\" xml:lang=\"FR-FR\" data-contrast=\"auto\"><span class=\"TextRun SCXW6222644 BCX0\" lang=\"FR-FR\" xml:lang=\"FR-FR\" data-contrast=\"auto\"><span class=\"NormalTextRun SCXW6222644 BCX0\">\u00a0<\/span><\/span><span class=\"EOP SCXW6222644 BCX0\" data-ccp-props=\"{&quot;134233117&quot;:false,&quot;134233118&quot;:false,&quot;335551550&quot;:6,&quot;335551620&quot;:6,&quot;335559738&quot;:0,&quot;335559739&quot;:0}\">\u00a0<\/span><\/span><\/p>\n            <\/div>\n            <\/div>\n        <\/div>\n    <\/div>\n<\/div>[\/vc_column_inner][vc_column_inner width=&#8221;1\/6&#8243;][\/vc_column_inner][\/vc_row_inner]                    <\/div>\n                <\/div>\n            <\/div>\n        <\/div>\n        <\/div>\n[\/vc_column][\/vc_row]<\/p>\n<\/div>","protected":false},"excerpt":{"rendered":"<p>The Youth in Mind Foundation is joining forces with GRIS-Montr\u00e9al and Ensemble pour le respect de la diversit\u00e9 to launch a podcast series aimed at fostering a supportive environment for queer youth and those around them. Made possible thanks to the generosity of Manulife. <\/p>\n","protected":false},"author":19,"featured_media":36697,"comment_status":"open","ping_status":"open","sticky":false,"template":"","format":"standard","meta":{"_acf_changed":false,"inline_featured_image":false,"footnotes":""},"categories":[29],"tags":[],"class_list":["post-36432","post","type-post","status-publish","format-standard","has-post-thumbnail","hentry","category-articles-de-la-fondation-en"],"acf":[],"yoast_head":"<!-- This site is optimized with the Yoast SEO plugin v26.8 - https:\/\/yoast.com\/product\/yoast-seo-wordpress\/ -->\n<title>New podcast series \u2014 Just a Phase - Fondation Jeunes en T\u00eate<\/title>\n<meta name=\"description\" content=\"The Youth in Mind Foundation is joining forces with GRIS-Montr\u00e9al and Ensemble pour le respect de la diversit\u00e9 to launch a podcast series aimed at fostering a supportive environment for queer youth and those around them.\" \/>\n<meta name=\"robots\" content=\"index, follow, max-snippet:-1, max-image-preview:large, max-video-preview:-1\" \/>\n<link rel=\"canonical\" href=\"https:\/\/fondationjeunesentete.org\/en\/2025\/10\/03\/new-podcast-series-just-a-phase-fjet-gris-montreal-ensemble\/\" \/>\n<meta property=\"og:locale\" content=\"en_US\" \/>\n<meta property=\"og:type\" content=\"article\" \/>\n<meta property=\"og:title\" content=\"New podcast series \u2014 Just a Phase - Fondation Jeunes en T\u00eate\" \/>\n<meta property=\"og:description\" content=\"The Youth in Mind Foundation is joining forces with GRIS-Montr\u00e9al and Ensemble pour le respect de la diversit\u00e9 to launch a podcast series aimed at fostering a supportive environment for queer youth and those around them.\" \/>\n<meta property=\"og:url\" content=\"https:\/\/fondationjeunesentete.org\/en\/2025\/10\/03\/new-podcast-series-just-a-phase-fjet-gris-montreal-ensemble\/\" \/>\n<meta property=\"og:site_name\" content=\"Fondation Jeunes en T\u00eate\" \/>\n<meta property=\"article:published_time\" content=\"2025-10-03T12:02:12+00:00\" \/>\n<meta property=\"article:modified_time\" content=\"2026-02-09T15:56:31+00:00\" \/>\n<meta property=\"og:image\" content=\"https:\/\/fondationjeunesentete.tor1.digitaloceanspaces.com\/2025\/09\/fjet-sj-thumbnail-youtube-1280x720-en-podcast-cjup-1.jpg\" \/>\n\t<meta property=\"og:image:width\" content=\"1280\" \/>\n\t<meta property=\"og:image:height\" content=\"720\" \/>\n\t<meta property=\"og:image:type\" content=\"image\/jpeg\" \/>\n<meta name=\"author\" content=\"Salom\u00e9 Piechota\" \/>\n<meta name=\"twitter:card\" content=\"summary_large_image\" \/>\n<meta name=\"twitter:image\" content=\"https:\/\/fondationjeunesentete.tor1.digitaloceanspaces.com\/2020\/12\/sans-titre-86.png\" \/>\n<meta name=\"twitter:label1\" content=\"Written by\" \/>\n\t<meta name=\"twitter:data1\" content=\"Salom\u00e9 Piechota\" \/>\n\t<meta name=\"twitter:label2\" content=\"Est. reading time\" \/>\n\t<meta name=\"twitter:data2\" content=\"5 minutes\" \/>\n<script type=\"application\/ld+json\" class=\"yoast-schema-graph\">{\"@context\":\"https:\/\/schema.org\",\"@graph\":[{\"@type\":\"Article\",\"@id\":\"https:\/\/fondationjeunesentete.org\/en\/2025\/10\/03\/new-podcast-series-just-a-phase-fjet-gris-montreal-ensemble\/#article\",\"isPartOf\":{\"@id\":\"https:\/\/fondationjeunesentete.org\/en\/2025\/10\/03\/new-podcast-series-just-a-phase-fjet-gris-montreal-ensemble\/\"},\"author\":{\"name\":\"Salom\u00e9 Piechota\",\"@id\":\"https:\/\/fondationjeunesentete.org\/#\/schema\/person\/ca96e8868940e071b01dcf4d5610334b\"},\"headline\":\"New podcast series \u2014 Just a Phase\",\"datePublished\":\"2025-10-03T12:02:12+00:00\",\"dateModified\":\"2026-02-09T15:56:31+00:00\",\"mainEntityOfPage\":{\"@id\":\"https:\/\/fondationjeunesentete.org\/en\/2025\/10\/03\/new-podcast-series-just-a-phase-fjet-gris-montreal-ensemble\/\"},\"wordCount\":1161,\"commentCount\":0,\"image\":{\"@id\":\"https:\/\/fondationjeunesentete.org\/en\/2025\/10\/03\/new-podcast-series-just-a-phase-fjet-gris-montreal-ensemble\/#primaryimage\"},\"thumbnailUrl\":\"https:\/\/fondationjeunesentete.tor1.digitaloceanspaces.com\/2025\/09\/fjet-sj-thumbnail-youtube-1280x720-en-podcast-cjup-1.jpg\",\"articleSection\":[\"Articles from the Foundation\"],\"inLanguage\":\"en-US\",\"potentialAction\":[{\"@type\":\"CommentAction\",\"name\":\"Comment\",\"target\":[\"https:\/\/fondationjeunesentete.org\/en\/2025\/10\/03\/new-podcast-series-just-a-phase-fjet-gris-montreal-ensemble\/#respond\"]}]},{\"@type\":\"WebPage\",\"@id\":\"https:\/\/fondationjeunesentete.org\/en\/2025\/10\/03\/new-podcast-series-just-a-phase-fjet-gris-montreal-ensemble\/\",\"url\":\"https:\/\/fondationjeunesentete.org\/en\/2025\/10\/03\/new-podcast-series-just-a-phase-fjet-gris-montreal-ensemble\/\",\"name\":\"New podcast series \u2014 Just a Phase - Fondation Jeunes en T\u00eate\",\"isPartOf\":{\"@id\":\"https:\/\/fondationjeunesentete.org\/#website\"},\"primaryImageOfPage\":{\"@id\":\"https:\/\/fondationjeunesentete.org\/en\/2025\/10\/03\/new-podcast-series-just-a-phase-fjet-gris-montreal-ensemble\/#primaryimage\"},\"image\":{\"@id\":\"https:\/\/fondationjeunesentete.org\/en\/2025\/10\/03\/new-podcast-series-just-a-phase-fjet-gris-montreal-ensemble\/#primaryimage\"},\"thumbnailUrl\":\"https:\/\/fondationjeunesentete.tor1.digitaloceanspaces.com\/2025\/09\/fjet-sj-thumbnail-youtube-1280x720-en-podcast-cjup-1.jpg\",\"datePublished\":\"2025-10-03T12:02:12+00:00\",\"dateModified\":\"2026-02-09T15:56:31+00:00\",\"author\":{\"@id\":\"https:\/\/fondationjeunesentete.org\/#\/schema\/person\/ca96e8868940e071b01dcf4d5610334b\"},\"description\":\"The Youth in Mind Foundation is joining forces with GRIS-Montr\u00e9al and Ensemble pour le respect de la diversit\u00e9 to launch a podcast series aimed at fostering a supportive environment for queer youth and those around them.\",\"breadcrumb\":{\"@id\":\"https:\/\/fondationjeunesentete.org\/en\/2025\/10\/03\/new-podcast-series-just-a-phase-fjet-gris-montreal-ensemble\/#breadcrumb\"},\"inLanguage\":\"en-US\",\"potentialAction\":[{\"@type\":\"ReadAction\",\"target\":[\"https:\/\/fondationjeunesentete.org\/en\/2025\/10\/03\/new-podcast-series-just-a-phase-fjet-gris-montreal-ensemble\/\"]}]},{\"@type\":\"ImageObject\",\"inLanguage\":\"en-US\",\"@id\":\"https:\/\/fondationjeunesentete.org\/en\/2025\/10\/03\/new-podcast-series-just-a-phase-fjet-gris-montreal-ensemble\/#primaryimage\",\"url\":\"https:\/\/fondationjeunesentete.tor1.digitaloceanspaces.com\/2025\/09\/fjet-sj-thumbnail-youtube-1280x720-en-podcast-cjup-1.jpg\",\"contentUrl\":\"https:\/\/fondationjeunesentete.tor1.digitaloceanspaces.com\/2025\/09\/fjet-sj-thumbnail-youtube-1280x720-en-podcast-cjup-1.jpg\",\"width\":1280,\"height\":720},{\"@type\":\"BreadcrumbList\",\"@id\":\"https:\/\/fondationjeunesentete.org\/en\/2025\/10\/03\/new-podcast-series-just-a-phase-fjet-gris-montreal-ensemble\/#breadcrumb\",\"itemListElement\":[{\"@type\":\"ListItem\",\"position\":1,\"name\":\"Home\",\"item\":\"https:\/\/fondationjeunesentete.org\/en\/\"},{\"@type\":\"ListItem\",\"position\":2,\"name\":\"New podcast series \u2014 Just a Phase\"}]},{\"@type\":\"WebSite\",\"@id\":\"https:\/\/fondationjeunesentete.org\/#website\",\"url\":\"https:\/\/fondationjeunesentete.org\/\",\"name\":\"Fondation Jeunes en T\u00eate\",\"description\":\"Agissons pour le bien-\u00eatre des jeunes\",\"potentialAction\":[{\"@type\":\"SearchAction\",\"target\":{\"@type\":\"EntryPoint\",\"urlTemplate\":\"https:\/\/fondationjeunesentete.org\/?s={search_term_string}\"},\"query-input\":{\"@type\":\"PropertyValueSpecification\",\"valueRequired\":true,\"valueName\":\"search_term_string\"}}],\"inLanguage\":\"en-US\"},{\"@type\":\"Person\",\"@id\":\"https:\/\/fondationjeunesentete.org\/#\/schema\/person\/ca96e8868940e071b01dcf4d5610334b\",\"name\":\"Salom\u00e9 Piechota\",\"image\":{\"@type\":\"ImageObject\",\"inLanguage\":\"en-US\",\"@id\":\"https:\/\/fondationjeunesentete.org\/#\/schema\/person\/image\/\",\"url\":\"https:\/\/secure.gravatar.com\/avatar\/bf7b38c686923cbfc8295675030b1081e699c79f486e9d2d7c07c284a39eaca0?s=96&d=mm&r=g\",\"contentUrl\":\"https:\/\/secure.gravatar.com\/avatar\/bf7b38c686923cbfc8295675030b1081e699c79f486e9d2d7c07c284a39eaca0?s=96&d=mm&r=g\",\"caption\":\"Salom\u00e9 Piechota\"},\"url\":\"https:\/\/fondationjeunesentete.org\/en\/author\/spiechota\/\"}]}<\/script>\n<!-- \/ Yoast SEO plugin. -->","yoast_head_json":{"title":"New podcast series \u2014 Just a Phase - Fondation Jeunes en T\u00eate","description":"The Youth in Mind Foundation is joining forces with GRIS-Montr\u00e9al and Ensemble pour le respect de la diversit\u00e9 to launch a podcast series aimed at fostering a supportive environment for queer youth and those around them.","robots":{"index":"index","follow":"follow","max-snippet":"max-snippet:-1","max-image-preview":"max-image-preview:large","max-video-preview":"max-video-preview:-1"},"canonical":"https:\/\/fondationjeunesentete.org\/en\/2025\/10\/03\/new-podcast-series-just-a-phase-fjet-gris-montreal-ensemble\/","og_locale":"en_US","og_type":"article","og_title":"New podcast series \u2014 Just a Phase - Fondation Jeunes en T\u00eate","og_description":"The Youth in Mind Foundation is joining forces with GRIS-Montr\u00e9al and Ensemble pour le respect de la diversit\u00e9 to launch a podcast series aimed at fostering a supportive environment for queer youth and those around them.","og_url":"https:\/\/fondationjeunesentete.org\/en\/2025\/10\/03\/new-podcast-series-just-a-phase-fjet-gris-montreal-ensemble\/","og_site_name":"Fondation Jeunes en T\u00eate","article_published_time":"2025-10-03T12:02:12+00:00","article_modified_time":"2026-02-09T15:56:31+00:00","og_image":[{"width":1280,"height":720,"url":"https:\/\/fondationjeunesentete.tor1.digitaloceanspaces.com\/2025\/09\/fjet-sj-thumbnail-youtube-1280x720-en-podcast-cjup-1.jpg","type":"image\/jpeg"}],"author":"Salom\u00e9 Piechota","twitter_card":"summary_large_image","twitter_image":"https:\/\/fondationjeunesentete.tor1.digitaloceanspaces.com\/2020\/12\/sans-titre-86.png","twitter_misc":{"Written by":"Salom\u00e9 Piechota","Est. reading time":"5 minutes"},"schema":{"@context":"https:\/\/schema.org","@graph":[{"@type":"Article","@id":"https:\/\/fondationjeunesentete.org\/en\/2025\/10\/03\/new-podcast-series-just-a-phase-fjet-gris-montreal-ensemble\/#article","isPartOf":{"@id":"https:\/\/fondationjeunesentete.org\/en\/2025\/10\/03\/new-podcast-series-just-a-phase-fjet-gris-montreal-ensemble\/"},"author":{"name":"Salom\u00e9 Piechota","@id":"https:\/\/fondationjeunesentete.org\/#\/schema\/person\/ca96e8868940e071b01dcf4d5610334b"},"headline":"New podcast series \u2014 Just a Phase","datePublished":"2025-10-03T12:02:12+00:00","dateModified":"2026-02-09T15:56:31+00:00","mainEntityOfPage":{"@id":"https:\/\/fondationjeunesentete.org\/en\/2025\/10\/03\/new-podcast-series-just-a-phase-fjet-gris-montreal-ensemble\/"},"wordCount":1161,"commentCount":0,"image":{"@id":"https:\/\/fondationjeunesentete.org\/en\/2025\/10\/03\/new-podcast-series-just-a-phase-fjet-gris-montreal-ensemble\/#primaryimage"},"thumbnailUrl":"https:\/\/fondationjeunesentete.tor1.digitaloceanspaces.com\/2025\/09\/fjet-sj-thumbnail-youtube-1280x720-en-podcast-cjup-1.jpg","articleSection":["Articles from the Foundation"],"inLanguage":"en-US","potentialAction":[{"@type":"CommentAction","name":"Comment","target":["https:\/\/fondationjeunesentete.org\/en\/2025\/10\/03\/new-podcast-series-just-a-phase-fjet-gris-montreal-ensemble\/#respond"]}]},{"@type":"WebPage","@id":"https:\/\/fondationjeunesentete.org\/en\/2025\/10\/03\/new-podcast-series-just-a-phase-fjet-gris-montreal-ensemble\/","url":"https:\/\/fondationjeunesentete.org\/en\/2025\/10\/03\/new-podcast-series-just-a-phase-fjet-gris-montreal-ensemble\/","name":"New podcast series \u2014 Just a Phase - Fondation Jeunes en T\u00eate","isPartOf":{"@id":"https:\/\/fondationjeunesentete.org\/#website"},"primaryImageOfPage":{"@id":"https:\/\/fondationjeunesentete.org\/en\/2025\/10\/03\/new-podcast-series-just-a-phase-fjet-gris-montreal-ensemble\/#primaryimage"},"image":{"@id":"https:\/\/fondationjeunesentete.org\/en\/2025\/10\/03\/new-podcast-series-just-a-phase-fjet-gris-montreal-ensemble\/#primaryimage"},"thumbnailUrl":"https:\/\/fondationjeunesentete.tor1.digitaloceanspaces.com\/2025\/09\/fjet-sj-thumbnail-youtube-1280x720-en-podcast-cjup-1.jpg","datePublished":"2025-10-03T12:02:12+00:00","dateModified":"2026-02-09T15:56:31+00:00","author":{"@id":"https:\/\/fondationjeunesentete.org\/#\/schema\/person\/ca96e8868940e071b01dcf4d5610334b"},"description":"The Youth in Mind Foundation is joining forces with GRIS-Montr\u00e9al and Ensemble pour le respect de la diversit\u00e9 to launch a podcast series aimed at fostering a supportive environment for queer youth and those around them.","breadcrumb":{"@id":"https:\/\/fondationjeunesentete.org\/en\/2025\/10\/03\/new-podcast-series-just-a-phase-fjet-gris-montreal-ensemble\/#breadcrumb"},"inLanguage":"en-US","potentialAction":[{"@type":"ReadAction","target":["https:\/\/fondationjeunesentete.org\/en\/2025\/10\/03\/new-podcast-series-just-a-phase-fjet-gris-montreal-ensemble\/"]}]},{"@type":"ImageObject","inLanguage":"en-US","@id":"https:\/\/fondationjeunesentete.org\/en\/2025\/10\/03\/new-podcast-series-just-a-phase-fjet-gris-montreal-ensemble\/#primaryimage","url":"https:\/\/fondationjeunesentete.tor1.digitaloceanspaces.com\/2025\/09\/fjet-sj-thumbnail-youtube-1280x720-en-podcast-cjup-1.jpg","contentUrl":"https:\/\/fondationjeunesentete.tor1.digitaloceanspaces.com\/2025\/09\/fjet-sj-thumbnail-youtube-1280x720-en-podcast-cjup-1.jpg","width":1280,"height":720},{"@type":"BreadcrumbList","@id":"https:\/\/fondationjeunesentete.org\/en\/2025\/10\/03\/new-podcast-series-just-a-phase-fjet-gris-montreal-ensemble\/#breadcrumb","itemListElement":[{"@type":"ListItem","position":1,"name":"Home","item":"https:\/\/fondationjeunesentete.org\/en\/"},{"@type":"ListItem","position":2,"name":"New podcast series \u2014 Just a Phase"}]},{"@type":"WebSite","@id":"https:\/\/fondationjeunesentete.org\/#website","url":"https:\/\/fondationjeunesentete.org\/","name":"Fondation Jeunes en T\u00eate","description":"Agissons pour le bien-\u00eatre des jeunes","potentialAction":[{"@type":"SearchAction","target":{"@type":"EntryPoint","urlTemplate":"https:\/\/fondationjeunesentete.org\/?s={search_term_string}"},"query-input":{"@type":"PropertyValueSpecification","valueRequired":true,"valueName":"search_term_string"}}],"inLanguage":"en-US"},{"@type":"Person","@id":"https:\/\/fondationjeunesentete.org\/#\/schema\/person\/ca96e8868940e071b01dcf4d5610334b","name":"Salom\u00e9 Piechota","image":{"@type":"ImageObject","inLanguage":"en-US","@id":"https:\/\/fondationjeunesentete.org\/#\/schema\/person\/image\/","url":"https:\/\/secure.gravatar.com\/avatar\/bf7b38c686923cbfc8295675030b1081e699c79f486e9d2d7c07c284a39eaca0?s=96&d=mm&r=g","contentUrl":"https:\/\/secure.gravatar.com\/avatar\/bf7b38c686923cbfc8295675030b1081e699c79f486e9d2d7c07c284a39eaca0?s=96&d=mm&r=g","caption":"Salom\u00e9 Piechota"},"url":"https:\/\/fondationjeunesentete.org\/en\/author\/spiechota\/"}]}},"_links":{"self":[{"href":"https:\/\/fondationjeunesentete.org\/en\/wp-json\/wp\/v2\/posts\/36432","targetHints":{"allow":["GET"]}}],"collection":[{"href":"https:\/\/fondationjeunesentete.org\/en\/wp-json\/wp\/v2\/posts"}],"about":[{"href":"https:\/\/fondationjeunesentete.org\/en\/wp-json\/wp\/v2\/types\/post"}],"author":[{"embeddable":true,"href":"https:\/\/fondationjeunesentete.org\/en\/wp-json\/wp\/v2\/users\/19"}],"replies":[{"embeddable":true,"href":"https:\/\/fondationjeunesentete.org\/en\/wp-json\/wp\/v2\/comments?post=36432"}],"version-history":[{"count":19,"href":"https:\/\/fondationjeunesentete.org\/en\/wp-json\/wp\/v2\/posts\/36432\/revisions"}],"predecessor-version":[{"id":38443,"href":"https:\/\/fondationjeunesentete.org\/en\/wp-json\/wp\/v2\/posts\/36432\/revisions\/38443"}],"wp:featuredmedia":[{"embeddable":true,"href":"https:\/\/fondationjeunesentete.org\/en\/wp-json\/wp\/v2\/media\/36697"}],"wp:attachment":[{"href":"https:\/\/fondationjeunesentete.org\/en\/wp-json\/wp\/v2\/media?parent=36432"}],"wp:term":[{"taxonomy":"category","embeddable":true,"href":"https:\/\/fondationjeunesentete.org\/en\/wp-json\/wp\/v2\/categories?post=36432"},{"taxonomy":"post_tag","embeddable":true,"href":"https:\/\/fondationjeunesentete.org\/en\/wp-json\/wp\/v2\/tags?post=36432"}],"curies":[{"name":"wp","href":"https:\/\/api.w.org\/{rel}","templated":true}]}}