{"id":36346,"date":"2025-12-06T09:09:03","date_gmt":"2025-12-06T14:09:03","guid":{"rendered":"https:\/\/fondationjeunesentete.org\/?p=36346"},"modified":"2026-02-17T08:59:20","modified_gmt":"2026-02-17T13:59:20","slug":"huge-success-14th-bal-du-maire-youth-in-mind-foundation","status":"publish","type":"post","link":"https:\/\/fondationjeunesentete.org\/en\/2025\/12\/06\/huge-success-14th-bal-du-maire-youth-in-mind-foundation\/","title":{"rendered":"A huge success! &#8211; The 14th edition of Youth in Mind Foundation\u2019s Bal du maire"},"content":{"rendered":"<div class=\"wpb-content-wrapper\"><p>[vc_row full_width=&#8221;stretch_row_content_no_spaces&#8221;][vc_column]<div class=\"fjet-module-container module-without-overflow bg module-hero bg-color module-bg-color-blanc \">\n    <div class=\"bg-img-hero \" style=\"background-image: url('https:\/\/fondationjeunesentete.tor1.digitaloceanspaces.com\/2025\/10\/03-bdm-fleurs.gif')\">                <div class=\"container\">\n                        <div class=\"row justify-content-center desktop-only\">\n                <div class=\"col-xl-8\">\n                    <div class=\"content-hero content-txt text-center no-bt \">\n                                                <h1 class=\"text-color-blanc \">$1,075,000 for teens mental health!<\/h1>                        <p class=\"lead text-color-\"><\/p>\n                        <div class=\"box-btns\">\t                    \t\t\t\t\t\t<\/div>\n                    <\/div>\n                <\/div>\n            <\/div>\n        <\/div>\n    <\/div>    <div class=\"container mobile-only with-bg \">\n        <div class=\"row row-mobile\">\n            <div class=\"col-12\">\n                <div class=\"content-txt \">\n                                        <h1 class=\"text-color-blanc \">$1,075,000 for teens mental health!<\/h1>                    <p class=\"lead text-color-\"><\/p>\n\t\t\t\t\t<div class=\"box-btns\">\t                \t\t\t\t\t<\/div>\n                <\/div>\n            <\/div>\n        <\/div>\n    <\/div>\n<\/div>\n[\/vc_column][\/vc_row][vc_row][vc_column][vc_empty_space height=&#8221;155px&#8221;][\/vc_column][\/vc_row][vc_row full_width=&#8221;stretch_row_content_no_spaces&#8221;][vc_column]<div class=\"fjet-module-container module-title-container module-without-overflow      \">\n                    <div class=\"container\">\n            <div class=\"row\">\n                <div class=\"col-12\">\n                    <div class=\"content-txt \">\n                                                                    <\/div>\n                    <div class=\"content-vc\">\n                        [vc_row_inner][vc_column_inner]<div class=\"fjet-module-container image-texte-module  \">\n    <div class=\"container\">\n        <div class=\"row\">\n            <div class=\"col-12\">\n    <div class=\"content-img\" >\n            <\/div>\n    <div class=\"content-txt\"  >\n                        <p><span data-contrast=\"auto\">The 14th Youth in Mind Foundation\u2019s Bal du maire took place last night under the\u00a0honourary\u00a0chairmanship\u00a0of Laurent Ferreira, President and CEO of the <a href=\"https:\/\/www.nbc.ca\/\">National Bank<\/a>, and sponsored by Bruno Marchand, Mayor of <a href=\"https:\/\/www.ville.quebec.qc.ca\/apropos\/gouvernance\/maire\/index.aspx\">Quebec City<\/a>.\u00a0<\/span><span data-ccp-props=\"{&quot;134245529&quot;:true,&quot;201341983&quot;:0,&quot;335559739&quot;:120,&quot;335559740&quot;:240}\">\u00a0<\/span><\/p>\n<p><span data-contrast=\"auto\">The fundraising event was\u00a0a great success, raising a total of <span style=\"color: #003366;\">$1,075,000<\/span>. The proceeds will enable Youth in Mind Foundation to support a variety of innovative projects run by youth\u00a0assistance\u00a0organizations, complementing its work with young people in difficulty in the Capitale-Nationale and Eastern Qu\u00e9bec regions.\u00a0<\/span><span data-ccp-props=\"{&quot;134245529&quot;:true,&quot;201341983&quot;:0,&quot;335559739&quot;:120,&quot;335559740&quot;:240}\">\u00a0<\/span><\/p>\n<p><span data-contrast=\"auto\">The Foundation will also expand its reach through its permanent team in Quebec City and pursue its\u00a0<\/span><i><span data-contrast=\"auto\">Partners for Life\u00a0<\/span><\/i><span data-contrast=\"auto\">program. This program has been offered free in regional high schools for more than 25 years\u00a0as a way to prevent psychological distress in teens.\u00a0<\/span><\/p>\n<p><span class=\"TextRun SCXW86067211 BCX0\" lang=\"EN-CA\" xml:lang=\"EN-CA\" data-contrast=\"auto\"><span class=\"NormalTextRun SCXW86067211 BCX0\" data-ccp-parastyle=\"Paragraphe\" data-ccp-parastyle-defn=\"{&quot;ObjectId&quot;:&quot;6f978eeb-7280-5034-99b1-bda3e88bdd20|1&quot;,&quot;ClassId&quot;:1073872969,&quot;Properties&quot;:&#091;201342446,&quot;1&quot;,201342447,&quot;5&quot;,201342448,&quot;1&quot;,201342449,&quot;1&quot;,469777841,&quot;Arial&quot;,469777842,&quot;Arial&quot;,469777843,&quot;Calibri&quot;,469777844,&quot;Arial&quot;,201341986,&quot;1&quot;,469769226,&quot;Arial&quot;,268442635,&quot;22&quot;,469775450,&quot;Paragraphe&quot;,201340122,&quot;2&quot;,134234082,&quot;true&quot;,134233614,&quot;true&quot;,469778129,&quot;Paragraphe&quot;,335572020,&quot;1&quot;,335559740,&quot;240&quot;,201341983,&quot;0&quot;,335559739,&quot;120&quot;,134245529,&quot;true&quot;,469777929,&quot;Paragraphe Car&quot;,469778324,&quot;Normal&quot;&#093;}\" data-ccp-parastyle-linked-defn=\"{&quot;ObjectId&quot;:&quot;e58850a8-d99a-5a7b-8ea2-d830613f0991|1&quot;,&quot;ClassId&quot;:1073872969,&quot;Properties&quot;:&#091;201342446,&quot;1&quot;,201342447,&quot;5&quot;,201342448,&quot;1&quot;,201342449,&quot;1&quot;,469777841,&quot;Arial&quot;,469777842,&quot;Arial&quot;,469777843,&quot;Calibri&quot;,469777844,&quot;Arial&quot;,201341986,&quot;1&quot;,469769226,&quot;Arial&quot;,268442635,&quot;22&quot;,469775450,&quot;Paragraphe Car&quot;,201340122,&quot;1&quot;,134233614,&quot;true&quot;,469778129,&quot;ParagrapheCar&quot;,335572020,&quot;1&quot;,134231262,&quot;true&quot;,469777929,&quot;Paragraphe&quot;,469778324,&quot;Default Paragraph Font&quot;&#093;}\">Through its Bal du maire event, Youth in Mind Foundation has invested over $7,500,000\u00a0to date in programs\u00a0<\/span><span class=\"NormalTextRun SCXW86067211 BCX0\" data-ccp-parastyle=\"Paragraphe\">benefitting<\/span><span class=\"NormalTextRun SCXW86067211 BCX0\" data-ccp-parastyle=\"Paragraphe\">\u00a0thousands of adolescents in the Capitale-Nationale and Eastern Qu\u00e9bec regions.\u00a0<\/span><\/span><span class=\"EOP SCXW86067211 BCX0\" data-ccp-props=\"{&quot;134245529&quot;:true,&quot;201341983&quot;:0,&quot;335559739&quot;:120,&quot;335559740&quot;:240}\">\u00a0<\/span><\/p>\n                    <a class=\"btn btn-primary\" href=\"https:\/\/www.flickr.com\/photos\/87759014@N05\/albums\/72177720330814214\" title=\"\" target=\"\"><span>Discover photos from the evening<\/span><\/a>\n            <\/div>\n            <\/div>\n        <\/div>\n    <\/div>\n<\/div>[vc_empty_space height=&#8221;150px&#8221;]<div class=\"fjet-module-container module-image module-with-overflow matchHeight  \">\n    <!-- Image au centre dans le container en position BACK -->\n    <div class=\"container \">\n        <div class=\"row\">\n            <div class=\"col-12\">\n                <div class=\"img-container overflow-container\">\n                <div class=\"img-radius-8\">                    <img decoding=\"async\" src=\"https:\/\/fondationjeunesentete.tor1.digitaloceanspaces.com\/2025\/12\/dsc-6679-bal-du-maire-chateau-frontenac-montantfr-lowres-bleu.jpg\" alt=\"\" class=\"img-fluid\">\n                <\/div>                <\/div>\n            <\/div>\n        <\/div>\n    <\/div>\n<\/div>[vc_empty_space height=&#8221;100px&#8221;]<div class=\"fjet-module-container image-texte-module  \">\n    <div class=\"container\">\n        <div class=\"row\">\n            <div class=\"col-12\">\n    <div class=\"content-img\" >\n            <\/div>\n    <div class=\"content-txt\"  >\n                        <p><span style=\"font-size: 13px;\">From left to right: Marc-Andr\u00e9 Gravel, Denis Lefran\u00e7ois, Martin Coulombe, Natacha Jean, Martine Dessureault, Donald Larose, Pierre-Olivier Dumas, Catherine Simard, Jean-Fran\u00e7ois Dufour, Marina Binotto, \u00c9ric Bujold, Bruno Marchand, M\u00e9lanie Boucher, Myriam Robitaille, Marie-\u00c8ve Lamontagne, Fran\u00e7ois Santerre, Laurent Ferreira, Suzy Labb\u00e9, Julie B\u00e9dard, Marc Villeneuve, Alex Harvey, Pascale C\u00f4t\u00e9, <span class=\"a_GcMg font-feature-liga-off font-feature-clig-off font-feature-calt-off text-decoration-none text-strikethrough-none\">Britta Kr\u00f6ger, Claude Tessier, Jean Gagnon, Jean Quenneville and Serge LeBel<\/span><\/span><\/p>\n            <\/div>\n            <\/div>\n        <\/div>\n    <\/div>\n<\/div>[vc_empty_space height=&#8221;100px&#8221;]<div class=\"fjet-module-container module-texte-centre  module-without-overflow    \">\n            <div class=\"container\">\n        <div class=\"row\">\n            <div class=\"col-12 \">\n                <div class=\"content-txt\">\n                                                            <p><span data-contrast=\"none\">We&#8217;re already looking forward to welcoming you next year for the <strong>15th Bal du maire of the Youth in Mind Foundation, <\/strong>taking place on Friday, December 4, 2026. To reserve your spot, please confirm your attendance today by <span style=\"color: #003366;\"><a style=\"color: #003366;\" href=\"https:\/\/dons.fondationjeunesentete.org\/BDM26\/\">clicking here<\/a><\/span> or by contacting <a href=\"mailto:RSVP_BDM@fondationjeunesentete.org\">RSVP_BDM@fondationjeunesentete.org<\/a><\/span><\/p>\n                                    <\/div>\n            <\/div>\n        <\/div>\n    <\/div>\n    <\/div>[vc_empty_space height=&#8221;120px&#8221;]<div class=\"fjet-module-container module-image module-with-overflow matchHeight  \">\n    <!-- Image au centre dans le container en position BACK -->\n    <div class=\"container \">\n        <div class=\"row\">\n            <div class=\"col-12\">\n                <div class=\"img-container overflow-container\">\n                <div class=\"img-radius-8\">                    <img decoding=\"async\" src=\"https:\/\/fondationjeunesentete.tor1.digitaloceanspaces.com\/2025\/10\/design-sans-titre-2.png\" alt=\"\" class=\"img-fluid\">\n                <\/div>                <\/div>\n            <\/div>\n        <\/div>\n    <\/div>\n<\/div>[\/vc_column_inner][\/vc_row_inner]                    <\/div>\n                <\/div>\n            <\/div>\n        <\/div>\n        <\/div>\n[\/vc_column][\/vc_row][vc_row][vc_column css=&#8221;.vc_custom_1728328251760{margin-top: -100px !important;background-color: #ffffff !important;}&#8221;]<div class=\"fjet-module-container module-title-container module-without-overflow      \">\n                    <div class=\"container\">\n            <div class=\"row\">\n                <div class=\"col-12\">\n                    <div class=\"content-txt center-content\">\n                                                                    <\/div>\n                    <div class=\"content-vc\">\n                        [vc_row_inner content_placement=&#8221;middle&#8221;][vc_column_inner width=&#8221;1\/3&#8243;][vc_column_text css=&#8221;&#8221;]<\/p>\n<h3 style=\"text-align: center;\"><span style=\"color: #00493b;\">THANK YOU TO<br \/>\nOUR HONORARY CHAIR<\/span><\/h3>\n<p>[\/vc_column_text][vc_column_text css=&#8221;&#8221;]<\/p>\n<h4 style=\"color: #9dd9e2; text-align: center;\">Laurent Ferreira<\/h4>\n<p style=\"text-align: center;\"><a href=\"https:\/\/www.bnc.ca\/a-propos-de-nous\/gouvernance.html#accordion-498a810496-item-c94a3441ab\">President and Chief Executive Officer<\/a><br \/>\nNational Bank of Canada<\/p>\n<p>[\/vc_column_text][vc_single_image image=&#8221;34341&#8243; img_size=&#8221;full&#8221; css=&#8221;.vc_custom_1744305601085{margin-top: -50px !important;}&#8221;][\/vc_column_inner][vc_column_inner width=&#8221;1\/3&#8243; css=&#8221;.vc_custom_1744306132641{padding-right: 30px !important;padding-left: 30px !important;}&#8221;][vc_empty_space height=&#8221;200px&#8221;][vc_single_image image=&#8221;34521&#8243; img_size=&#8221;full&#8221; css=&#8221;&#8221;][\/vc_column_inner][vc_column_inner width=&#8221;1\/3&#8243;][vc_column_text css=&#8221;&#8221;]<\/p>\n<h3 style=\"text-align: center;\"><span style=\"color: #00493b;\">THANK YOU TO<br \/>\nOUR HONORARY PATRON<\/span><\/h3>\n<p>[\/vc_column_text][vc_column_text css=&#8221;&#8221;]<\/p>\n<h4 style=\"color: #9dd9e2; text-align: center;\">Bruno Marchand<\/h4>\n<p style=\"text-align: center;\"><a href=\"https:\/\/www.ville.quebec.qc.ca\/en\/apropos\/gouvernance\/maire\/index.aspx\">Mayor of Quebec City<\/a><br \/>\nVille de Qu\u00e9bec<\/p>\n<p>[\/vc_column_text][vc_single_image image=&#8221;34350&#8243; img_size=&#8221;full&#8221; css=&#8221;.vc_custom_1744306430956{margin-top: -50px !important;}&#8221;][\/vc_column_inner][\/vc_row_inner]                    <\/div>\n                <\/div>\n            <\/div>\n        <\/div>\n        <\/div>\n[\/vc_column][\/vc_row][vc_row full_width=&#8221;stretch_row_content_no_spaces&#8221;][vc_column]<div class=\"fjet-module-container module-title-container module-without-overflow  bg-color module-bg-color-blanc    \">\n                    <div class=\"container\">\n            <div class=\"row\">\n                <div class=\"col-12\">\n                    <div class=\"content-txt \">\n                                                <h2 class=\"text-color-bleuPale \">GOVERNORS CIRCLE<\/h2>                    <\/div>\n                    <div class=\"content-vc\">\n                        [vc_row_inner][vc_column_inner width=&#8221;1\/3&#8243;]<div class=\"fjet-module-container image-texte-module  black-li\">\n    <div class=\"container\">\n        <div class=\"row\">\n            <div class=\"col-12\">\n    <div class=\"content-img\" >\n        <div class=\"img-radius-8 pb-26\">\n            <img decoding=\"async\" src=\"https:\/\/fondationjeunesentete.tor1.digitaloceanspaces.com\/2025\/04\/480b0938-00e1-43fe-81c6-594bea59831a.png\" alt=\"\" class=\"img-fluid\">\n        <\/div>    <\/div>\n    <div class=\"content-txt\"  >\n                        <\/p>\n<h4 style=\"color: #9dd9e2;\">Committee Chair<\/h4>\n<h5><span style=\"color: #003366;\">Alex Harvey<\/span><\/h5>\n<p>&nbsp;<\/p>\n<p style=\"text-align: left;\"><span style=\"color: #003366; font-size: 16px;\">Lawyer<br \/>\n<a style=\"color: #003366;\" href=\"https:\/\/www.bcf.ca\/fr\" target=\"_blank\" rel=\"noopener noreferrer\">BCF Business Law<\/a><\/span><\/p>\n<p>\n            <\/div>\n            <\/div>\n        <\/div>\n    <\/div>\n<\/div>[\/vc_column_inner][vc_column_inner width=&#8221;1\/3&#8243;][vc_empty_space]<div class=\"fjet-module-container image-texte-module  black-li\">\n    <div class=\"container\">\n        <div class=\"row\">\n            <div class=\"col-12\">\n    <div class=\"content-img\" >\n            <\/div>\n    <div class=\"content-txt\"  >\n                        <\/p>\n<h4 style=\"color: #9dd9e2;\">Members<\/h4>\n<h5><span style=\"color: #003366;\">Julie B\u00c9DARD<\/span><\/h5>\n<p><span style=\"color: #003366;\"><a style=\"color: #003366;\" href=\"https:\/\/www.bflcanada.ca\/fr\/\" target=\"_blank\" rel=\"noopener\">BFL CANADA<\/a><\/span><\/p>\n<h5><span style=\"color: #003366;\">Marina BINOTTO<\/span><\/h5>\n<p><span style=\"color: #003366;\"><a style=\"color: #003366;\" href=\"https:\/\/www.energievalero.ca\/fr-ca\" target=\"_blank\" rel=\"noopener\">\u00c9nergie Valero<\/a><\/span><\/p>\n<h5><span style=\"color: #003366;\">Martin COULOMBE<\/span><\/h5>\n<p><span style=\"color: #003366;\"><a style=\"color: #003366;\" href=\"https:\/\/pomerleau.ca\" target=\"_blank\" rel=\"noopener\">Pomerleau<\/a><\/span><\/p>\n<h5><span style=\"color: #003366;\">Pascale C\u00d4T\u00c9<\/span><\/h5>\n<p><span style=\"color: #003366;\"><a style=\"color: #003366;\" href=\"https:\/\/www.beneva.ca\" target=\"_blank\" rel=\"noopener\">Beneva<\/a><\/span><\/p>\n<h5><span style=\"color: #003366;\">Martine DESSUREAULT<\/span><\/h5>\n<p><span style=\"color: #003366;\"><a style=\"color: #003366;\" href=\"https:\/\/www.bnc.ca\/\" target=\"_blank\" rel=\"noopener noreferrer\">Banque Nationale<\/a><\/span><\/p>\n<h5><span style=\"color: #003366;\">Jean-Fran\u00e7ois DUFOUR<\/span><\/h5>\n<p><span style=\"color: #003366;\"><a style=\"color: #003366;\" href=\"https:\/\/www.betonprovincial.com\/\" target=\"_blank\" rel=\"noopener noreferrer\">B\u00e9ton Provincial<\/a><\/span><\/p>\n<h5><span style=\"color: #003366;\">Pierre-Olivier DUMAS<\/span><\/h5>\n<p><a href=\"https:\/\/steinmonast.ca\/\" target=\"_blank\" rel=\"noopener\"><span style=\"color: #003366;\">Stein Monast<\/span><\/a><\/p>\n<h5><span style=\"color: #003366;\">Marc-Andr\u00e9 GRAVEL<\/span><\/h5>\n<p><span style=\"color: #003366;\"><a style=\"color: #003366;\" href=\"https:\/\/www.gbvavocats.com\/\" target=\"_blank\" rel=\"noopener noreferrer\">GBV Avocats<\/a><\/span><\/p>\n<h5><span style=\"color: #003366;\">Natacha JEAN<\/span><\/h5>\n<p><span style=\"color: #003366;\"><a style=\"color: #003366;\" href=\"https:\/\/micrologic.ca\" target=\"_blank\" rel=\"noopener noreferrer\">Micrologic<\/a><\/span><\/p>\n            <\/div>\n            <\/div>\n        <\/div>\n    <\/div>\n<\/div>[\/vc_column_inner][vc_column_inner width=&#8221;1\/3&#8243;][vc_empty_space]<div class=\"fjet-module-container image-texte-module  black-li\">\n    <div class=\"container\">\n        <div class=\"row\">\n            <div class=\"col-12\">\n    <div class=\"content-img\" >\n            <\/div>\n    <div class=\"content-txt\"  >\n                        <\/p>\n<h5><span style=\"color: #003366;\">Britta KR\u00d6GER<\/span><\/h5>\n<p><span style=\"color: #003366;\"><a style=\"color: #003366;\" href=\"https:\/\/www.simons.ca\" target=\"_blank\" rel=\"noopener noreferrer\">La Maison Simons<\/a><\/span><\/p>\n<h5><span style=\"color: #003366;\">Suzie LABB\u00c9<\/span><\/h5>\n<p><span style=\"color: #003366;\"><a style=\"color: #003366;\" href=\"https:\/\/www.sunlife.ca\" target=\"_blank\" rel=\"noopener noreferrer\">Sun Life<\/a><\/span><\/p>\n<h5><span style=\"color: #003366;\">Marie-\u00c8ve LAMONTAGNE<\/span><\/h5>\n<p><span style=\"color: #003366;\"><a style=\"color: #003366;\" href=\"https:\/\/www.rbcroyalbank.com\/fr\/personal.html\" target=\"_blank\" rel=\"noopener\">Banque Royale du Canada<\/a><\/span><\/p>\n<h5><span style=\"color: #003366;\">Donald LAROSE<\/span><\/h5>\n<p><span style=\"color: #003366;\"><a style=\"color: #003366;\" href=\"https:\/\/www.jll.ca\/fr\" target=\"_blank\" rel=\"noopener\">JLL<\/a><\/span><\/p>\n<h5><span style=\"color: #003366;\">Jean QUENNEVILLE<\/span><\/h5>\n<p><span style=\"color: #003366;\"><a style=\"color: #003366;\" href=\"https:\/\/www.riotinto.com\/fr-CA\/can\/\" target=\"_blank\" rel=\"noopener\">Rio Tinto<\/a><\/span><\/p>\n<h5><span style=\"color: #003366;\">Fran\u00e7ois SANTERRE<\/span><\/h5>\n<p><span style=\"color: #003366;\"><a style=\"color: #003366;\" href=\"https:\/\/www.englobecorp.com\/fr-ca\/\" target=\"_blank\" rel=\"noopener\">Englobe<\/a><\/span><\/p>\n<h5><span style=\"color: #003366;\">Catherine SIMARD<\/span><\/h5>\n<p><span style=\"color: #003366;\"><a style=\"color: #003366;\" href=\"https:\/\/www.rbcroyalbank.com\/fr\/personal.html\" target=\"_blank\" rel=\"noopener\">Banque Royale du Canada<\/a><\/span><\/p>\n<h5><span style=\"color: #003366;\">Philippe TARDIF<\/span><\/h5>\n<p><span style=\"color: #003366;\"><a style=\"color: #003366;\" href=\"https:\/\/eterna.ca\" target=\"_blank\" rel=\"noopener\">Eterna Groupe Financier<\/a><\/span><\/p>\n<h5><span style=\"color: #003366;\">Marc VILLENEUVE<\/span><\/h5>\n<p><span style=\"color: #003366;\"><a style=\"color: #003366;\" href=\"https:\/\/www.desjardins.com\" target=\"_blank\" rel=\"noopener\">Mouvement Desjardins<\/a><\/span><\/p>\n            <\/div>\n            <\/div>\n        <\/div>\n    <\/div>\n<\/div>[\/vc_column_inner][\/vc_row_inner]                    <\/div>\n                <\/div>\n            <\/div>\n        <\/div>\n        <\/div>\n[\/vc_column][\/vc_row][vc_row full_width=&#8221;stretch_row_content_no_spaces&#8221;][vc_column]<div class=\"fjet-module-container module-title-container module-without-overflow  bg-color module-bg-color-blanc    \">\n                    <div class=\"container\">\n            <div class=\"row\">\n                <div class=\"col-12\">\n                    <div class=\"content-txt \">\n                                                <h2 class=\"text-color-bleuPale \">AMBASSADORS CIRCLE<\/h2>                    <\/div>\n                    <div class=\"content-vc\">\n                        [vc_row_inner][vc_column_inner width=&#8221;1\/3&#8243;]<div class=\"fjet-module-container image-texte-module  black-li\">\n    <div class=\"container\">\n        <div class=\"row\">\n            <div class=\"col-12\">\n    <div class=\"content-img\" >\n        <div class=\"img-radius-8 pb-26\">\n            <img decoding=\"async\" src=\"https:\/\/fondationjeunesentete.tor1.digitaloceanspaces.com\/2025\/04\/fedb0bbf-6cf8-4150-b6c1-a5d8e46b238e.png\" alt=\"\" class=\"img-fluid\">\n        <\/div>    <\/div>\n    <div class=\"content-txt\"  >\n                        <\/p>\n<h4 style=\"color: #9dd9e2;\">President<\/h4>\n<h5><span style=\"color: #003366;\">Denis LEFRAN\u00c7OIS<\/span><\/h5>\n<p>&nbsp;<\/p>\n<p style=\"text-align: left;\"><span style=\"color: #003366; font-size: 16px;\">Special advisor<br \/>\n<a style=\"color: #003366;\" href=\"https:\/\/www.bcf.ca\/fr\" target=\"_blank\" rel=\"noopener noreferrer\">Groupe VRSB arpenteurs-g\u00e9om\u00e8tres<\/a><\/span><\/p>\n<p>\n            <\/div>\n            <\/div>\n        <\/div>\n    <\/div>\n<\/div>[vc_empty_space height=&#8221;75px&#8221;][\/vc_column_inner][vc_column_inner width=&#8221;1\/3&#8243;][vc_empty_space]<div class=\"fjet-module-container image-texte-module  black-li\">\n    <div class=\"container\">\n        <div class=\"row\">\n            <div class=\"col-12\">\n    <div class=\"content-img\" >\n            <\/div>\n    <div class=\"content-txt\"  >\n                        <\/p>\n<h4 style=\"color: #9dd9e2;\">Members<\/h4>\n<h5><span style=\"color: #003366;\">Jean GAGNON<\/span><\/h5>\n<p><span style=\"color: #003366;\"><a style=\"color: #003366;\" href=\"https:\/\/www.bnc.ca\/\">Banque Nationale<\/a><\/span><\/p>\n<h5><span style=\"color: #003366;\">Serge LEBEL<\/span><\/h5>\n<p><span style=\"color: #003366;\"><a style=\"color: #003366;\" href=\"https:\/\/www.bcf.ca\">BCF Avocats d\u2019affaires<\/a><\/span><\/p>\n<h5><span style=\"color: #003366;\">Myriam ROBITAILLE<\/span><\/h5>\n<p><span style=\"color: #003366;\">Consultante en bien-\u00eatre<\/span><\/p>\n            <\/div>\n            <\/div>\n        <\/div>\n    <\/div>\n<\/div>[\/vc_column_inner][vc_column_inner width=&#8221;1\/3&#8243;][vc_empty_space]<div class=\"fjet-module-container image-texte-module  black-li\">\n    <div class=\"container\">\n        <div class=\"row\">\n            <div class=\"col-12\">\n    <div class=\"content-img\" >\n            <\/div>\n    <div class=\"content-txt\"  >\n                        <\/p>\n<h5><span style=\"color: #003366;\">Claude TESSIER<\/span><\/h5>\n<p><span style=\"color: #003366;\"><a style=\"color: #003366;\" href=\"https:\/\/ia.ca\/particuliers\" target=\"_blank\" rel=\"noopener noreferrer\">Industrielle Alliance<\/a><\/span><\/p>\n<h5><span style=\"color: #003366;\">Roxanne VACHON<\/span><\/h5>\n<p><span style=\"color: #003366;\">Bal du maire de la <a href=\"https:\/\/fondationjeunesentete.org\/trousse-familles\/\">Fondation Jeunes en T\u00eate<\/a><\/span><\/p>\n            <\/div>\n            <\/div>\n        <\/div>\n    <\/div>\n<\/div>[\/vc_column_inner][\/vc_row_inner]                    <\/div>\n                <\/div>\n            <\/div>\n        <\/div>\n        <\/div>\n[\/vc_column][\/vc_row][vc_row][vc_column css=&#8221;.vc_custom_1728328251760{margin-top: -100px !important;background-color: #ffffff !important;}&#8221;]<div class=\"fjet-module-container module-title-container module-without-overflow      \">\n                    <div class=\"container\">\n            <div class=\"row\">\n                <div class=\"col-12\">\n                    <div class=\"content-txt \">\n                                                <h2 class=\"text-color-bleuFonce \">Thank you to our partners!<\/h2>                    <\/div>\n                    <div class=\"content-vc\">\n                        [vc_row_inner content_placement=&#8221;middle&#8221;][vc_column_inner width=&#8221;2\/3&#8243;][vc_empty_space height=&#8221;120px&#8221;]<div class=\"fjet-module-container module-texte-centre  module-without-overflow    \">\n            <div class=\"container\">\n        <div class=\"row\">\n            <div class=\"col-12 \">\n                <div class=\"content-txt\">\n                                                            <p><span data-contrast=\"auto\">Nearly 750\u00a0business leaders joined us for a night of giving and celebration at this year\u2019s Bora Bora-themed ball at the Fairmont Le Ch\u00e2teau Frontenac, organized by Go Productions and hosted by Marieme and Foundation ambassador Thomas Lebel. Among the many highlights were an inspiring video sharing young Romane\u2019s journey, as well as a captivating performance by <a href=\"https:\/\/jeunesmusiciensdumonde.org\/\">Jeunes\u00a0musiciens\u00a0du monde<\/a>, an organization supported by the Foundation. Later, DJ\u00a0Skittel\u2019zz\u00a0kept the energy going at the official after party,\u00a0L\u2019Apr\u00e8s-Bal.<\/span><span data-ccp-props=\"{&quot;134245529&quot;:true,&quot;201341983&quot;:0,&quot;335559739&quot;:120,&quot;335559740&quot;:240}\">\u00a0<\/span><\/p>\n<p><span data-contrast=\"auto\">Guests savoured a Polynesian menu crafted by Chef Fernando De Almeida and his team, and three young participants from\u00a0<a href=\"https:\/\/integractionjeunesse.com\/\">Int\u00e8gr\u2019action\u00a0jeunesse<\/a>\u2019s<\/span><i><span data-contrast=\"auto\">\u00a0La Table est mise\u00a0<\/span><\/i><span data-contrast=\"auto\">program had the unique opportunity to work alongside the culinary team, gaining hands-on experience in preparing a gourmet feast.\u00a0<\/span><span data-ccp-props=\"{&quot;134245529&quot;:true,&quot;201341983&quot;:0,&quot;335559739&quot;:120,&quot;335559740&quot;:240}\">\u00a0<\/span><\/p>\n                                    <\/div>\n            <\/div>\n        <\/div>\n    <\/div>\n    <\/div>[\/vc_column_inner][vc_column_inner width=&#8221;1\/3&#8243; css=&#8221;.vc_custom_1744306132641{padding-right: 30px !important;padding-left: 30px !important;}&#8221;][vc_single_image image=&#8221;37654&#8243; img_size=&#8221;&#8221; alignment=&#8221;right&#8221; css=&#8221;&#8221;][\/vc_column_inner][\/vc_row_inner]                    <\/div>\n                <\/div>\n            <\/div>\n        <\/div>\n        <\/div>\n[\/vc_column][\/vc_row][vc_row full_width=&#8221;stretch_row_content_no_spaces&#8221;][vc_column]<div class=\"fjet-module-container module-image module-with-overflow matchHeight  \">\n    <!-- Image au centre dans le container en position BACK -->\n    <div class=\"container \">\n        <div class=\"row\">\n            <div class=\"col-12\">\n                <div class=\"img-container overflow-container\">\n                <div class=\"img-radius-8\">                    <img decoding=\"async\" src=\"https:\/\/fondationjeunesentete.tor1.digitaloceanspaces.com\/2025\/10\/design-sans-titre-2.png\" alt=\"\" class=\"img-fluid\">\n                <\/div>                <\/div>\n            <\/div>\n        <\/div>\n    <\/div>\n<\/div>[\/vc_column][\/vc_row][vc_row full_width=&#8221;stretch_row_content_no_spaces&#8221;][vc_column]<div class=\"module-2-col-txt-img fjet-module-container module-with-overflow bg-color module-bg-color-bleuPale  \">\n    <!-- decoration-box * pour mettre une deco en fond s'il y a lieu   -->\n        <div class=\"container\">\n        <div class=\"row align-items-center\">\n            <div class=\"order-1 order-lg-2 col-lg-6 offset-lg-1\">\n                                    <div class=\"content-img overflow-container\">\n                        <div class=\"img-radius-8\">\n                            <img decoding=\"async\" src=\"https:\/\/fondationjeunesentete.tor1.digitaloceanspaces.com\/2025\/05\/apprecier-son-corps-header.jpg\" alt=\"CONTRIBUTE FOR THE PREVENTION OF PSYCHOLOGICAL DISTRESS OF TEENS IN QUEBEC\" class=\"img-fluid\">\n                        <\/div>\n                    <\/div>\n                            <\/div>\n            <div class=\"order-2 order-lg-1 col-lg-5\">\n                <div class=\"content-txt\">\n                                        <h3 class=\"text-color-bleuFonce \">CONTRIBUTE FOR THE PREVENTION OF PSYCHOLOGICAL DISTRESS OF TEENS IN QUEBEC<\/h3>                    <p><span class=\"TextRun SCXW174814389 BCX0\" lang=\"FR-FR\" xml:lang=\"FR-FR\" data-contrast=\"none\"><span class=\"NormalTextRun SCXW174814389 BCX0\">The mission of the Youth in Mind Foundation is to prevent psychological distress among teens in all regions of Quebec. The Foundation provides schools, parents, teens and their support networks with online tools and free of charge awareness workshops for high schools. Destigmatizing, raising awareness and equipping are the concrete actions taken everyday by our team to help future generations face life\u2019s challenges. <\/span><\/span><span class=\"TextRun SCXW174814389 BCX0\" lang=\"FR-FR\" xml:lang=\"FR-FR\" data-contrast=\"none\"><span class=\"NormalTextRun SCXW174814389 BCX0\">\u00a0<\/span><\/span><\/p>\n                                            <a class=\"btn btn-primary data-gtm-trigger\" \n                            href=\"https:\/\/www.jedonneenligne.org\/fondationfjet\/BDM25\/\"\n                            title=\"Support the cause!\"\n                            target=\"_blank\"\n                            data-gtm-event=\"Download\" \n                            data-gtm-event-category=\"Opportunity\" \n                            data-gtm-event-action=\"Download\" \n                            data-gtm-event-label=\"Support the cause!\" \n                            data-gtm-download-category=\"Inscription\">\n                            <span>GIVE FOR THE CAUSE!<\/span>\n                        <\/a>\n                                    <\/div>\n            <\/div>\n        <\/div>\n    <\/div>\n<\/div>[vc_empty_space][\/vc_column][\/vc_row]<\/p>\n<\/div>","protected":false},"excerpt":{"rendered":"<p>The fundraising event was a great success, raising a total of $1,075,000. The proceeds will enable Youth in Mind Foundation to support a variety of innovative projects run by youth assistance organizations, complementing its work with young people in difficulty in the Capitale-Nationale and Eastern Qu\u00e9bec regions.  <\/p>\n","protected":false},"author":22,"featured_media":37661,"comment_status":"open","ping_status":"open","sticky":false,"template":"","format":"standard","meta":{"_acf_changed":false,"inline_featured_image":false,"footnotes":""},"categories":[29],"tags":[],"class_list":["post-36346","post","type-post","status-publish","format-standard","has-post-thumbnail","hentry","category-articles-de-la-fondation-en"],"acf":[],"yoast_head":"<!-- This site is optimized with the Yoast SEO plugin v26.8 - https:\/\/yoast.com\/product\/yoast-seo-wordpress\/ -->\n<title>A huge success! - The 14th edition of Youth in Mind Foundation\u2019s Bal du maire<\/title>\n<meta name=\"description\" content=\"The Youth in Mind Foundation is proud to announce the dazzling success of the 14th Bal du maire!\" \/>\n<meta name=\"robots\" content=\"index, follow, max-snippet:-1, max-image-preview:large, max-video-preview:-1\" \/>\n<link rel=\"canonical\" href=\"https:\/\/fondationjeunesentete.org\/en\/2025\/12\/06\/huge-success-14th-bal-du-maire-youth-in-mind-foundation\/\" \/>\n<meta property=\"og:locale\" content=\"en_US\" \/>\n<meta property=\"og:type\" content=\"article\" \/>\n<meta property=\"og:title\" content=\"A huge success! - The 14th edition of Youth in Mind Foundation\u2019s Bal du maire\" \/>\n<meta property=\"og:description\" content=\"The Youth in Mind Foundation is proud to announce the dazzling success of the 14th Bal du maire!\" \/>\n<meta property=\"og:url\" content=\"https:\/\/fondationjeunesentete.org\/en\/2025\/12\/06\/huge-success-14th-bal-du-maire-youth-in-mind-foundation\/\" \/>\n<meta property=\"og:site_name\" content=\"Fondation Jeunes en T\u00eate\" \/>\n<meta property=\"article:published_time\" content=\"2025-12-06T14:09:03+00:00\" \/>\n<meta property=\"article:modified_time\" content=\"2026-02-17T13:59:20+00:00\" \/>\n<meta property=\"og:image\" content=\"https:\/\/fondationjeunesentete.tor1.digitaloceanspaces.com\/2025\/12\/bdm25-visuel-actualite-site-web-1.jpg\" \/>\n\t<meta property=\"og:image:width\" content=\"1358\" \/>\n\t<meta property=\"og:image:height\" content=\"591\" \/>\n\t<meta property=\"og:image:type\" content=\"image\/jpeg\" \/>\n<meta name=\"author\" content=\"Cl\u00e9lia Fouchereau\" \/>\n<meta name=\"twitter:card\" content=\"summary_large_image\" \/>\n<meta name=\"twitter:label1\" content=\"Written by\" \/>\n\t<meta name=\"twitter:data1\" content=\"Cl\u00e9lia Fouchereau\" \/>\n\t<meta name=\"twitter:label2\" content=\"Est. reading time\" \/>\n\t<meta name=\"twitter:data2\" content=\"5 minutes\" \/>\n<script type=\"application\/ld+json\" class=\"yoast-schema-graph\">{\"@context\":\"https:\/\/schema.org\",\"@graph\":[{\"@type\":\"Article\",\"@id\":\"https:\/\/fondationjeunesentete.org\/en\/2025\/12\/06\/huge-success-14th-bal-du-maire-youth-in-mind-foundation\/#article\",\"isPartOf\":{\"@id\":\"https:\/\/fondationjeunesentete.org\/en\/2025\/12\/06\/huge-success-14th-bal-du-maire-youth-in-mind-foundation\/\"},\"author\":{\"name\":\"Cl\u00e9lia Fouchereau\",\"@id\":\"https:\/\/fondationjeunesentete.org\/#\/schema\/person\/15c4fa21747ccb46e59680c098592325\"},\"headline\":\"A huge success! &#8211; The 14th edition of Youth in Mind Foundation\u2019s Bal du maire\",\"datePublished\":\"2025-12-06T14:09:03+00:00\",\"dateModified\":\"2026-02-17T13:59:20+00:00\",\"mainEntityOfPage\":{\"@id\":\"https:\/\/fondationjeunesentete.org\/en\/2025\/12\/06\/huge-success-14th-bal-du-maire-youth-in-mind-foundation\/\"},\"wordCount\":1323,\"commentCount\":0,\"image\":{\"@id\":\"https:\/\/fondationjeunesentete.org\/en\/2025\/12\/06\/huge-success-14th-bal-du-maire-youth-in-mind-foundation\/#primaryimage\"},\"thumbnailUrl\":\"https:\/\/fondationjeunesentete.tor1.digitaloceanspaces.com\/2025\/12\/bdm25-visuel-actualite-site-web-1.jpg\",\"articleSection\":[\"Articles from the Foundation\"],\"inLanguage\":\"en-US\",\"potentialAction\":[{\"@type\":\"CommentAction\",\"name\":\"Comment\",\"target\":[\"https:\/\/fondationjeunesentete.org\/en\/2025\/12\/06\/huge-success-14th-bal-du-maire-youth-in-mind-foundation\/#respond\"]}]},{\"@type\":\"WebPage\",\"@id\":\"https:\/\/fondationjeunesentete.org\/en\/2025\/12\/06\/huge-success-14th-bal-du-maire-youth-in-mind-foundation\/\",\"url\":\"https:\/\/fondationjeunesentete.org\/en\/2025\/12\/06\/huge-success-14th-bal-du-maire-youth-in-mind-foundation\/\",\"name\":\"A huge success! - The 14th edition of Youth in Mind Foundation\u2019s Bal du maire\",\"isPartOf\":{\"@id\":\"https:\/\/fondationjeunesentete.org\/#website\"},\"primaryImageOfPage\":{\"@id\":\"https:\/\/fondationjeunesentete.org\/en\/2025\/12\/06\/huge-success-14th-bal-du-maire-youth-in-mind-foundation\/#primaryimage\"},\"image\":{\"@id\":\"https:\/\/fondationjeunesentete.org\/en\/2025\/12\/06\/huge-success-14th-bal-du-maire-youth-in-mind-foundation\/#primaryimage\"},\"thumbnailUrl\":\"https:\/\/fondationjeunesentete.tor1.digitaloceanspaces.com\/2025\/12\/bdm25-visuel-actualite-site-web-1.jpg\",\"datePublished\":\"2025-12-06T14:09:03+00:00\",\"dateModified\":\"2026-02-17T13:59:20+00:00\",\"author\":{\"@id\":\"https:\/\/fondationjeunesentete.org\/#\/schema\/person\/15c4fa21747ccb46e59680c098592325\"},\"description\":\"The Youth in Mind Foundation is proud to announce the dazzling success of the 14th Bal du maire!\",\"breadcrumb\":{\"@id\":\"https:\/\/fondationjeunesentete.org\/en\/2025\/12\/06\/huge-success-14th-bal-du-maire-youth-in-mind-foundation\/#breadcrumb\"},\"inLanguage\":\"en-US\",\"potentialAction\":[{\"@type\":\"ReadAction\",\"target\":[\"https:\/\/fondationjeunesentete.org\/en\/2025\/12\/06\/huge-success-14th-bal-du-maire-youth-in-mind-foundation\/\"]}]},{\"@type\":\"ImageObject\",\"inLanguage\":\"en-US\",\"@id\":\"https:\/\/fondationjeunesentete.org\/en\/2025\/12\/06\/huge-success-14th-bal-du-maire-youth-in-mind-foundation\/#primaryimage\",\"url\":\"https:\/\/fondationjeunesentete.tor1.digitaloceanspaces.com\/2025\/12\/bdm25-visuel-actualite-site-web-1.jpg\",\"contentUrl\":\"https:\/\/fondationjeunesentete.tor1.digitaloceanspaces.com\/2025\/12\/bdm25-visuel-actualite-site-web-1.jpg\",\"width\":1358,\"height\":591},{\"@type\":\"BreadcrumbList\",\"@id\":\"https:\/\/fondationjeunesentete.org\/en\/2025\/12\/06\/huge-success-14th-bal-du-maire-youth-in-mind-foundation\/#breadcrumb\",\"itemListElement\":[{\"@type\":\"ListItem\",\"position\":1,\"name\":\"Home\",\"item\":\"https:\/\/fondationjeunesentete.org\/en\/\"},{\"@type\":\"ListItem\",\"position\":2,\"name\":\"A huge success! &#8211; The 14th edition of Youth in Mind Foundation\u2019s Bal du maire\"}]},{\"@type\":\"WebSite\",\"@id\":\"https:\/\/fondationjeunesentete.org\/#website\",\"url\":\"https:\/\/fondationjeunesentete.org\/\",\"name\":\"Fondation Jeunes en T\u00eate\",\"description\":\"Agissons pour le bien-\u00eatre des jeunes\",\"potentialAction\":[{\"@type\":\"SearchAction\",\"target\":{\"@type\":\"EntryPoint\",\"urlTemplate\":\"https:\/\/fondationjeunesentete.org\/?s={search_term_string}\"},\"query-input\":{\"@type\":\"PropertyValueSpecification\",\"valueRequired\":true,\"valueName\":\"search_term_string\"}}],\"inLanguage\":\"en-US\"},{\"@type\":\"Person\",\"@id\":\"https:\/\/fondationjeunesentete.org\/#\/schema\/person\/15c4fa21747ccb46e59680c098592325\",\"name\":\"Cl\u00e9lia Fouchereau\",\"image\":{\"@type\":\"ImageObject\",\"inLanguage\":\"en-US\",\"@id\":\"https:\/\/fondationjeunesentete.org\/#\/schema\/person\/image\/\",\"url\":\"https:\/\/secure.gravatar.com\/avatar\/3cc1092f4b6d6be7748f4513a50c1a3aa2df312eef622261803f14f0ec5a9466?s=96&d=mm&r=g\",\"contentUrl\":\"https:\/\/secure.gravatar.com\/avatar\/3cc1092f4b6d6be7748f4513a50c1a3aa2df312eef622261803f14f0ec5a9466?s=96&d=mm&r=g\",\"caption\":\"Cl\u00e9lia Fouchereau\"},\"url\":\"https:\/\/fondationjeunesentete.org\/en\/author\/cfouchereau\/\"}]}<\/script>\n<!-- \/ Yoast SEO plugin. -->","yoast_head_json":{"title":"A huge success! - The 14th edition of Youth in Mind Foundation\u2019s Bal du maire","description":"The Youth in Mind Foundation is proud to announce the dazzling success of the 14th Bal du maire!","robots":{"index":"index","follow":"follow","max-snippet":"max-snippet:-1","max-image-preview":"max-image-preview:large","max-video-preview":"max-video-preview:-1"},"canonical":"https:\/\/fondationjeunesentete.org\/en\/2025\/12\/06\/huge-success-14th-bal-du-maire-youth-in-mind-foundation\/","og_locale":"en_US","og_type":"article","og_title":"A huge success! - The 14th edition of Youth in Mind Foundation\u2019s Bal du maire","og_description":"The Youth in Mind Foundation is proud to announce the dazzling success of the 14th Bal du maire!","og_url":"https:\/\/fondationjeunesentete.org\/en\/2025\/12\/06\/huge-success-14th-bal-du-maire-youth-in-mind-foundation\/","og_site_name":"Fondation Jeunes en T\u00eate","article_published_time":"2025-12-06T14:09:03+00:00","article_modified_time":"2026-02-17T13:59:20+00:00","og_image":[{"width":1358,"height":591,"url":"https:\/\/fondationjeunesentete.tor1.digitaloceanspaces.com\/2025\/12\/bdm25-visuel-actualite-site-web-1.jpg","type":"image\/jpeg"}],"author":"Cl\u00e9lia Fouchereau","twitter_card":"summary_large_image","twitter_misc":{"Written by":"Cl\u00e9lia Fouchereau","Est. reading time":"5 minutes"},"schema":{"@context":"https:\/\/schema.org","@graph":[{"@type":"Article","@id":"https:\/\/fondationjeunesentete.org\/en\/2025\/12\/06\/huge-success-14th-bal-du-maire-youth-in-mind-foundation\/#article","isPartOf":{"@id":"https:\/\/fondationjeunesentete.org\/en\/2025\/12\/06\/huge-success-14th-bal-du-maire-youth-in-mind-foundation\/"},"author":{"name":"Cl\u00e9lia Fouchereau","@id":"https:\/\/fondationjeunesentete.org\/#\/schema\/person\/15c4fa21747ccb46e59680c098592325"},"headline":"A huge success! &#8211; The 14th edition of Youth in Mind Foundation\u2019s Bal du maire","datePublished":"2025-12-06T14:09:03+00:00","dateModified":"2026-02-17T13:59:20+00:00","mainEntityOfPage":{"@id":"https:\/\/fondationjeunesentete.org\/en\/2025\/12\/06\/huge-success-14th-bal-du-maire-youth-in-mind-foundation\/"},"wordCount":1323,"commentCount":0,"image":{"@id":"https:\/\/fondationjeunesentete.org\/en\/2025\/12\/06\/huge-success-14th-bal-du-maire-youth-in-mind-foundation\/#primaryimage"},"thumbnailUrl":"https:\/\/fondationjeunesentete.tor1.digitaloceanspaces.com\/2025\/12\/bdm25-visuel-actualite-site-web-1.jpg","articleSection":["Articles from the Foundation"],"inLanguage":"en-US","potentialAction":[{"@type":"CommentAction","name":"Comment","target":["https:\/\/fondationjeunesentete.org\/en\/2025\/12\/06\/huge-success-14th-bal-du-maire-youth-in-mind-foundation\/#respond"]}]},{"@type":"WebPage","@id":"https:\/\/fondationjeunesentete.org\/en\/2025\/12\/06\/huge-success-14th-bal-du-maire-youth-in-mind-foundation\/","url":"https:\/\/fondationjeunesentete.org\/en\/2025\/12\/06\/huge-success-14th-bal-du-maire-youth-in-mind-foundation\/","name":"A huge success! - The 14th edition of Youth in Mind Foundation\u2019s Bal du maire","isPartOf":{"@id":"https:\/\/fondationjeunesentete.org\/#website"},"primaryImageOfPage":{"@id":"https:\/\/fondationjeunesentete.org\/en\/2025\/12\/06\/huge-success-14th-bal-du-maire-youth-in-mind-foundation\/#primaryimage"},"image":{"@id":"https:\/\/fondationjeunesentete.org\/en\/2025\/12\/06\/huge-success-14th-bal-du-maire-youth-in-mind-foundation\/#primaryimage"},"thumbnailUrl":"https:\/\/fondationjeunesentete.tor1.digitaloceanspaces.com\/2025\/12\/bdm25-visuel-actualite-site-web-1.jpg","datePublished":"2025-12-06T14:09:03+00:00","dateModified":"2026-02-17T13:59:20+00:00","author":{"@id":"https:\/\/fondationjeunesentete.org\/#\/schema\/person\/15c4fa21747ccb46e59680c098592325"},"description":"The Youth in Mind Foundation is proud to announce the dazzling success of the 14th Bal du maire!","breadcrumb":{"@id":"https:\/\/fondationjeunesentete.org\/en\/2025\/12\/06\/huge-success-14th-bal-du-maire-youth-in-mind-foundation\/#breadcrumb"},"inLanguage":"en-US","potentialAction":[{"@type":"ReadAction","target":["https:\/\/fondationjeunesentete.org\/en\/2025\/12\/06\/huge-success-14th-bal-du-maire-youth-in-mind-foundation\/"]}]},{"@type":"ImageObject","inLanguage":"en-US","@id":"https:\/\/fondationjeunesentete.org\/en\/2025\/12\/06\/huge-success-14th-bal-du-maire-youth-in-mind-foundation\/#primaryimage","url":"https:\/\/fondationjeunesentete.tor1.digitaloceanspaces.com\/2025\/12\/bdm25-visuel-actualite-site-web-1.jpg","contentUrl":"https:\/\/fondationjeunesentete.tor1.digitaloceanspaces.com\/2025\/12\/bdm25-visuel-actualite-site-web-1.jpg","width":1358,"height":591},{"@type":"BreadcrumbList","@id":"https:\/\/fondationjeunesentete.org\/en\/2025\/12\/06\/huge-success-14th-bal-du-maire-youth-in-mind-foundation\/#breadcrumb","itemListElement":[{"@type":"ListItem","position":1,"name":"Home","item":"https:\/\/fondationjeunesentete.org\/en\/"},{"@type":"ListItem","position":2,"name":"A huge success! &#8211; The 14th edition of Youth in Mind Foundation\u2019s Bal du maire"}]},{"@type":"WebSite","@id":"https:\/\/fondationjeunesentete.org\/#website","url":"https:\/\/fondationjeunesentete.org\/","name":"Fondation Jeunes en T\u00eate","description":"Agissons pour le bien-\u00eatre des jeunes","potentialAction":[{"@type":"SearchAction","target":{"@type":"EntryPoint","urlTemplate":"https:\/\/fondationjeunesentete.org\/?s={search_term_string}"},"query-input":{"@type":"PropertyValueSpecification","valueRequired":true,"valueName":"search_term_string"}}],"inLanguage":"en-US"},{"@type":"Person","@id":"https:\/\/fondationjeunesentete.org\/#\/schema\/person\/15c4fa21747ccb46e59680c098592325","name":"Cl\u00e9lia Fouchereau","image":{"@type":"ImageObject","inLanguage":"en-US","@id":"https:\/\/fondationjeunesentete.org\/#\/schema\/person\/image\/","url":"https:\/\/secure.gravatar.com\/avatar\/3cc1092f4b6d6be7748f4513a50c1a3aa2df312eef622261803f14f0ec5a9466?s=96&d=mm&r=g","contentUrl":"https:\/\/secure.gravatar.com\/avatar\/3cc1092f4b6d6be7748f4513a50c1a3aa2df312eef622261803f14f0ec5a9466?s=96&d=mm&r=g","caption":"Cl\u00e9lia Fouchereau"},"url":"https:\/\/fondationjeunesentete.org\/en\/author\/cfouchereau\/"}]}},"_links":{"self":[{"href":"https:\/\/fondationjeunesentete.org\/en\/wp-json\/wp\/v2\/posts\/36346","targetHints":{"allow":["GET"]}}],"collection":[{"href":"https:\/\/fondationjeunesentete.org\/en\/wp-json\/wp\/v2\/posts"}],"about":[{"href":"https:\/\/fondationjeunesentete.org\/en\/wp-json\/wp\/v2\/types\/post"}],"author":[{"embeddable":true,"href":"https:\/\/fondationjeunesentete.org\/en\/wp-json\/wp\/v2\/users\/22"}],"replies":[{"embeddable":true,"href":"https:\/\/fondationjeunesentete.org\/en\/wp-json\/wp\/v2\/comments?post=36346"}],"version-history":[{"count":19,"href":"https:\/\/fondationjeunesentete.org\/en\/wp-json\/wp\/v2\/posts\/36346\/revisions"}],"predecessor-version":[{"id":38683,"href":"https:\/\/fondationjeunesentete.org\/en\/wp-json\/wp\/v2\/posts\/36346\/revisions\/38683"}],"wp:featuredmedia":[{"embeddable":true,"href":"https:\/\/fondationjeunesentete.org\/en\/wp-json\/wp\/v2\/media\/37661"}],"wp:attachment":[{"href":"https:\/\/fondationjeunesentete.org\/en\/wp-json\/wp\/v2\/media?parent=36346"}],"wp:term":[{"taxonomy":"category","embeddable":true,"href":"https:\/\/fondationjeunesentete.org\/en\/wp-json\/wp\/v2\/categories?post=36346"},{"taxonomy":"post_tag","embeddable":true,"href":"https:\/\/fondationjeunesentete.org\/en\/wp-json\/wp\/v2\/tags?post=36346"}],"curies":[{"name":"wp","href":"https:\/\/api.w.org\/{rel}","templated":true}]}}