{"id":25078,"date":"2023-09-22T10:36:03","date_gmt":"2023-09-22T14:36:03","guid":{"rendered":"https:\/\/fondationjeunesentete.org\/?p=25078"},"modified":"2023-10-19T14:21:05","modified_gmt":"2023-10-19T18:21:05","slug":"melanie-boucher-becomes-ceo-of-youth-in-mind-foundation","status":"publish","type":"post","link":"https:\/\/fondationjeunesentete.org\/en\/2023\/09\/22\/melanie-boucher-becomes-ceo-of-youth-in-mind-foundation\/","title":{"rendered":"M\u00e9lanie Boucher becomes CEO of Youth in Mind Foundation"},"content":{"rendered":"<div class=\"wpb-content-wrapper\"><p>[vc_row full_width=&#8221;stretch_row_content_no_spaces&#8221;][vc_column]<div class=\"fjet-module-container module-without-overflow bg module-hero bg-color module-bg-color-blanc \">\n    <div class=\"bg-img-hero \" style=\"background-image: url('https:\/\/fondationjeunesentete.tor1.digitaloceanspaces.com\/2023\/09\/design-sans-titre-4.jpg')\">                <div class=\"container\">\n                        <div class=\"row justify-content-center desktop-only\">\n                <div class=\"col-xl-8\">\n                    <div class=\"content-hero content-txt text-center no-bt \">\n                                                <h1 class=\"text-color-bleuFonce \">M\u00e9lanie Boucher becomes CEO of Youth in Mind Foundation<\/h1>                        <p class=\"lead text-color-\"><\/p>\n                        <div class=\"box-btns\">\t                    \t\t\t\t\t\t<\/div>\n                    <\/div>\n                <\/div>\n            <\/div>\n        <\/div>\n    <\/div>    <div class=\"container mobile-only with-bg \">\n        <div class=\"row row-mobile\">\n            <div class=\"col-12\">\n                <div class=\"content-txt \">\n                                        <h1 class=\"text-color-bleuFonce \">M\u00e9lanie Boucher becomes CEO of Youth in Mind Foundation<\/h1>                    <p class=\"lead text-color-\"><\/p>\n\t\t\t\t\t<div class=\"box-btns\">\t                \t\t\t\t\t<\/div>\n                <\/div>\n            <\/div>\n        <\/div>\n    <\/div>\n<\/div>\n[\/vc_column][\/vc_row][vc_row][vc_column]<div class=\"module-2-col-txt-img fjet-module-container module-with-overflow bg-color module-bg-color-blanc  \">\n    <!-- decoration-box * pour mettre une deco en fond s'il y a lieu   -->\n        <div class=\"container\">\n        <div class=\"row align-items-center\">\n            <div class=\"col-lg-6\">\n                                    <div class=\"content-img overflow-container\">\n                        <div class=\"img-radius-8\">\n                            <img decoding=\"async\" src=\"https:\/\/fondationjeunesentete.tor1.digitaloceanspaces.com\/2023\/09\/1-melanie-1.jpg\" alt=\"The story of a great leader\" class=\"img-fluid\">\n                        <\/div>\n                    <\/div>\n                            <\/div>\n            <div class=\"col-lg-5 offset-lg-1\">\n                <div class=\"content-txt\">\n                                        <h3 class=\"text-color-orange \">The story of a great leader<\/h3>                    <p>The board of directors and the entire <strong>team of Youth in Mind Foundation are pleased to announce the appointment of M\u00e9lanie Boucher to the position of CEO<\/strong>. Through her expertise in philanthropy and teens\u2019 mental health since 2013, Ms. Boucher has made Jeunes en T\u00eate a key organization in the prevention of psychological distress among adolescents in Quebec.<\/p>\n<p>M\u00e9lanie Boucher<strong> joined the Fondation Qu\u00e9bec Jeunes\u2019 team as executive director in 2013<\/strong>. A position she will fill again during the merger with the Mental Illness Fondation in 2017, which will become the Fondation Jeunes en T\u00eate.<\/p>\n<p>As a child and teenager, M\u00e9lanie had to deal with anxiety disorders. As a young adult, she discovered <strong>the power of sports in helping her manage her stress and emotions<\/strong>. It is in this context that she carried out several sporting challenges in support of youth causes, notably <strong>the ascent of Kilimanjaro for the Montreal Children&#8217;s Hospital Foundation<\/strong> and the Montreal-New York Running Challenge, for children from single-parent families. These commitments gave her the bug for philanthropy and encouraged her to invest both personally and professionally in young people.<\/p>\n                                    <\/div>\n            <\/div>\n        <\/div>\n    <\/div>\n<\/div>[vc_empty_space height=&#8221;18px&#8221;][\/vc_column][\/vc_row][vc_row][vc_column]<div class=\"fjet-module-container module-title-container module-without-overflow      \">\n                    <div class=\"container\">\n            <div class=\"row\">\n                <div class=\"col-12\">\n                    <div class=\"content-txt \">\n                        <h4 class=\"text-color-\">Watch his video testimonial<\/h4>                                            <\/div>\n                    <div class=\"content-vc\">\n                        <div class=\"module-videos-simple fjet-module-container\">\n    <div class=\"container\">\n        <div class=\"row\">\n            <div class=\"col-12\">\n    <div class=\"video-img-box\">\n        <div class=\"video-container-responsive\">\n            <iframe src=\"\/\/www.youtube.com\/embed\/9hp3GDlkD8g?enablejsapi=1&origin=https:\/\/fondationjeunesentete.org\" frameborder=\"0\" allow=\"accelerometer; autoplay; encrypted-media; gyroscope; picture-in-picture\" allowfullscreen id=\"vid-player-4\"><\/iframe>\n        <\/div>\n    <\/div>\n    <\/div>\n    <\/div>\n    <\/div>\n<\/div>                    <\/div>\n                <\/div>\n            <\/div>\n        <\/div>\n        <\/div>\n[\/vc_column][\/vc_row][vc_row full_width=&#8221;stretch_row_content_no_spaces&#8221;][vc_column][vc_empty_space height=&#8221;130px&#8221;]<div class=\"module-2-col-txt-img fjet-module-container module-with-overflow bg-color module-bg-color-bleuPale  \">\n    <!-- decoration-box * pour mettre une deco en fond s'il y a lieu   -->\n    <div class=\"decoration-box desktop\" style=\"background-image: url('https:\/\/fondationjeunesentete.tor1.digitaloceanspaces.com\/2021\/05\/gribouillis-jaune.svg')\"><\/div><div class=\"decoration-box mobile\" style=\"background-image: url('')\"><\/div>\n    <div class=\"container\">\n        <div class=\"row align-items-center\">\n            <div class=\"order-1 order-lg-2 col-lg-6 offset-lg-1\">\n                                    <div class=\"content-img overflow-container\">\n                        <div class=\"img-radius-8\">\n                            <img decoding=\"async\" src=\"https:\/\/fondationjeunesentete.tor1.digitaloceanspaces.com\/2023\/09\/eric-bujold-scaled.jpg\" alt=\"\" class=\"img-fluid\">\n                        <\/div>\n                    <\/div>\n                            <\/div>\n            <div class=\"order-2 order-lg-1 col-lg-5\">\n                <div class=\"content-txt\">\n                                                            <p>\u201cOn behalf of the Board of Directors,<strong> I am proud to count on the expertise and dedication of Ms. Boucher<\/strong> to promote the importance of mental health among young people and those around them. Thanks to the excellence of her management as well as her mobilizing leadership, Youth in Mind Foundation can rely on solid foundations and display sustained growth in the current economic context.\u201d<\/p>\n<p>\u00c9ric Bujold, Head of Client Relations, Banque Nationale du Canada, and president of the board of the foundation<\/p>\n                                    <\/div>\n            <\/div>\n        <\/div>\n    <\/div>\n<\/div>[\/vc_column][\/vc_row][vc_row][vc_column][vc_empty_space height=&#8221;95px&#8221;][\/vc_column][\/vc_row][vc_row full_width=&#8221;stretch_row_content_no_spaces&#8221;][vc_column]<div class=\"module-2-col-txt-img fjet-module-container module-with-overflow bg-color module-bg-color-jaunePale  \">\n    <!-- decoration-box * pour mettre une deco en fond s'il y a lieu   -->\n        <div class=\"container\">\n        <div class=\"row align-items-center\">\n            <div class=\"col-lg-6\">\n                                    <div class=\"content-img overflow-container\">\n                        <div class=\"img-radius-8\">\n                            <img decoding=\"async\" src=\"https:\/\/fondationjeunesentete.tor1.digitaloceanspaces.com\/2023\/09\/melanie-couverture-video.jpg\" alt=\"\" class=\"img-fluid\">\n                        <\/div>\n                    <\/div>\n                            <\/div>\n            <div class=\"col-lg-5 offset-lg-1\">\n                <div class=\"content-txt\">\n                                                            <p>\u201cThe<strong> mental health of young people and the society they will inherit is an important concern for me<\/strong>. It is a privilege to continue to promote the Foundation\u2019s actions to make a difference in the lives of teenagers. I am surrounded<strong> by a talented and passionate team<\/strong>, and I am convinced that together we will achieve the ambitious goals that we have set ourselves in order to contribute even more significantly to the well-being of young people.\u201d<\/p>\n<p>M\u00e9lanie Boucher, CEO of the Youth in Mind Foundation<\/p>\n                                    <\/div>\n            <\/div>\n        <\/div>\n    <\/div>\n<\/div>[vc_empty_space height=&#8221;130px&#8221;][\/vc_column][\/vc_row]<\/p>\n<\/div>","protected":false},"excerpt":{"rendered":"<p>The board of directors and the entire team of Youth in Mind Foundation are pleased to announce the appointment of M\u00e9lanie Boucher to the position of CEO. <\/p>\n","protected":false},"author":19,"featured_media":27298,"comment_status":"open","ping_status":"open","sticky":false,"template":"","format":"standard","meta":{"_acf_changed":false,"inline_featured_image":false,"footnotes":""},"categories":[29],"tags":[],"class_list":["post-25078","post","type-post","status-publish","format-standard","has-post-thumbnail","hentry","category-articles-de-la-fondation-en"],"acf":[],"yoast_head":"<!-- This site is optimized with the Yoast SEO plugin v26.8 - https:\/\/yoast.com\/product\/yoast-seo-wordpress\/ -->\n<title>M\u00e9lanie Boucher becomes CEO of Youth in Mind Foundation - Fondation Jeunes en T\u00eate<\/title>\n<meta name=\"description\" content=\"The entire team of Youth in Mind Foundation are pleased to announce the appointment of M\u00e9lanie Boucher to the position of CEO.\" \/>\n<meta name=\"robots\" content=\"index, follow, max-snippet:-1, max-image-preview:large, max-video-preview:-1\" \/>\n<link rel=\"canonical\" href=\"https:\/\/fondationjeunesentete.org\/en\/2023\/09\/22\/melanie-boucher-becomes-ceo-of-youth-in-mind-foundation\/\" \/>\n<meta property=\"og:locale\" content=\"en_US\" \/>\n<meta property=\"og:type\" content=\"article\" \/>\n<meta property=\"og:title\" content=\"M\u00e9lanie Boucher becomes CEO of Youth in Mind Foundation - Fondation Jeunes en T\u00eate\" \/>\n<meta property=\"og:description\" content=\"The entire team of Youth in Mind Foundation are pleased to announce the appointment of M\u00e9lanie Boucher to the position of CEO.\" \/>\n<meta property=\"og:url\" content=\"https:\/\/fondationjeunesentete.org\/en\/2023\/09\/22\/melanie-boucher-becomes-ceo-of-youth-in-mind-foundation\/\" \/>\n<meta property=\"og:site_name\" content=\"Fondation Jeunes en T\u00eate\" \/>\n<meta property=\"article:published_time\" content=\"2023-09-22T14:36:03+00:00\" \/>\n<meta property=\"article:modified_time\" content=\"2023-10-19T18:21:05+00:00\" \/>\n<meta property=\"og:image\" content=\"https:\/\/cdn.fondationjeunesentete.org\/wp-content\/uploads\/2023\/09\/20134422\/1-scaled.jpg\" \/>\n\t<meta property=\"og:image:width\" content=\"2560\" \/>\n\t<meta property=\"og:image:height\" content=\"1707\" \/>\n\t<meta property=\"og:image:type\" content=\"image\/jpeg\" \/>\n<meta name=\"author\" content=\"Salom\u00e9 Piechota\" \/>\n<meta name=\"twitter:card\" content=\"summary_large_image\" \/>\n<meta name=\"twitter:label1\" content=\"Written by\" \/>\n\t<meta name=\"twitter:data1\" content=\"Salom\u00e9 Piechota\" \/>\n\t<meta name=\"twitter:label2\" content=\"Est. reading time\" \/>\n\t<meta name=\"twitter:data2\" content=\"3 minutes\" \/>\n<script type=\"application\/ld+json\" class=\"yoast-schema-graph\">{\"@context\":\"https:\/\/schema.org\",\"@graph\":[{\"@type\":\"Article\",\"@id\":\"https:\/\/fondationjeunesentete.org\/en\/2023\/09\/22\/melanie-boucher-becomes-ceo-of-youth-in-mind-foundation\/#article\",\"isPartOf\":{\"@id\":\"https:\/\/fondationjeunesentete.org\/en\/2023\/09\/22\/melanie-boucher-becomes-ceo-of-youth-in-mind-foundation\/\"},\"author\":{\"name\":\"Salom\u00e9 Piechota\",\"@id\":\"https:\/\/fondationjeunesentete.org\/#\/schema\/person\/ca96e8868940e071b01dcf4d5610334b\"},\"headline\":\"M\u00e9lanie Boucher becomes CEO of Youth in Mind Foundation\",\"datePublished\":\"2023-09-22T14:36:03+00:00\",\"dateModified\":\"2023-10-19T18:21:05+00:00\",\"mainEntityOfPage\":{\"@id\":\"https:\/\/fondationjeunesentete.org\/en\/2023\/09\/22\/melanie-boucher-becomes-ceo-of-youth-in-mind-foundation\/\"},\"wordCount\":550,\"commentCount\":0,\"image\":{\"@id\":\"https:\/\/fondationjeunesentete.org\/en\/2023\/09\/22\/melanie-boucher-becomes-ceo-of-youth-in-mind-foundation\/#primaryimage\"},\"thumbnailUrl\":\"https:\/\/fondationjeunesentete.tor1.digitaloceanspaces.com\/2023\/09\/1-scaled.jpg\",\"articleSection\":[\"Articles from the Foundation\"],\"inLanguage\":\"en-US\",\"potentialAction\":[{\"@type\":\"CommentAction\",\"name\":\"Comment\",\"target\":[\"https:\/\/fondationjeunesentete.org\/en\/2023\/09\/22\/melanie-boucher-becomes-ceo-of-youth-in-mind-foundation\/#respond\"]}]},{\"@type\":\"WebPage\",\"@id\":\"https:\/\/fondationjeunesentete.org\/en\/2023\/09\/22\/melanie-boucher-becomes-ceo-of-youth-in-mind-foundation\/\",\"url\":\"https:\/\/fondationjeunesentete.org\/en\/2023\/09\/22\/melanie-boucher-becomes-ceo-of-youth-in-mind-foundation\/\",\"name\":\"M\u00e9lanie Boucher becomes CEO of Youth in Mind Foundation - Fondation Jeunes en T\u00eate\",\"isPartOf\":{\"@id\":\"https:\/\/fondationjeunesentete.org\/#website\"},\"primaryImageOfPage\":{\"@id\":\"https:\/\/fondationjeunesentete.org\/en\/2023\/09\/22\/melanie-boucher-becomes-ceo-of-youth-in-mind-foundation\/#primaryimage\"},\"image\":{\"@id\":\"https:\/\/fondationjeunesentete.org\/en\/2023\/09\/22\/melanie-boucher-becomes-ceo-of-youth-in-mind-foundation\/#primaryimage\"},\"thumbnailUrl\":\"https:\/\/fondationjeunesentete.tor1.digitaloceanspaces.com\/2023\/09\/1-scaled.jpg\",\"datePublished\":\"2023-09-22T14:36:03+00:00\",\"dateModified\":\"2023-10-19T18:21:05+00:00\",\"author\":{\"@id\":\"https:\/\/fondationjeunesentete.org\/#\/schema\/person\/ca96e8868940e071b01dcf4d5610334b\"},\"description\":\"The entire team of Youth in Mind Foundation are pleased to announce the appointment of M\u00e9lanie Boucher to the position of CEO.\",\"breadcrumb\":{\"@id\":\"https:\/\/fondationjeunesentete.org\/en\/2023\/09\/22\/melanie-boucher-becomes-ceo-of-youth-in-mind-foundation\/#breadcrumb\"},\"inLanguage\":\"en-US\",\"potentialAction\":[{\"@type\":\"ReadAction\",\"target\":[\"https:\/\/fondationjeunesentete.org\/en\/2023\/09\/22\/melanie-boucher-becomes-ceo-of-youth-in-mind-foundation\/\"]}]},{\"@type\":\"ImageObject\",\"inLanguage\":\"en-US\",\"@id\":\"https:\/\/fondationjeunesentete.org\/en\/2023\/09\/22\/melanie-boucher-becomes-ceo-of-youth-in-mind-foundation\/#primaryimage\",\"url\":\"https:\/\/fondationjeunesentete.tor1.digitaloceanspaces.com\/2023\/09\/1-scaled.jpg\",\"contentUrl\":\"https:\/\/fondationjeunesentete.tor1.digitaloceanspaces.com\/2023\/09\/1-scaled.jpg\",\"width\":2560,\"height\":1707},{\"@type\":\"BreadcrumbList\",\"@id\":\"https:\/\/fondationjeunesentete.org\/en\/2023\/09\/22\/melanie-boucher-becomes-ceo-of-youth-in-mind-foundation\/#breadcrumb\",\"itemListElement\":[{\"@type\":\"ListItem\",\"position\":1,\"name\":\"Home\",\"item\":\"https:\/\/fondationjeunesentete.org\/en\/\"},{\"@type\":\"ListItem\",\"position\":2,\"name\":\"M\u00e9lanie Boucher becomes CEO of Youth in Mind Foundation\"}]},{\"@type\":\"WebSite\",\"@id\":\"https:\/\/fondationjeunesentete.org\/#website\",\"url\":\"https:\/\/fondationjeunesentete.org\/\",\"name\":\"Fondation Jeunes en T\u00eate\",\"description\":\"Agissons pour le bien-\u00eatre des jeunes\",\"potentialAction\":[{\"@type\":\"SearchAction\",\"target\":{\"@type\":\"EntryPoint\",\"urlTemplate\":\"https:\/\/fondationjeunesentete.org\/?s={search_term_string}\"},\"query-input\":{\"@type\":\"PropertyValueSpecification\",\"valueRequired\":true,\"valueName\":\"search_term_string\"}}],\"inLanguage\":\"en-US\"},{\"@type\":\"Person\",\"@id\":\"https:\/\/fondationjeunesentete.org\/#\/schema\/person\/ca96e8868940e071b01dcf4d5610334b\",\"name\":\"Salom\u00e9 Piechota\",\"image\":{\"@type\":\"ImageObject\",\"inLanguage\":\"en-US\",\"@id\":\"https:\/\/fondationjeunesentete.org\/#\/schema\/person\/image\/\",\"url\":\"https:\/\/secure.gravatar.com\/avatar\/bf7b38c686923cbfc8295675030b1081e699c79f486e9d2d7c07c284a39eaca0?s=96&d=mm&r=g\",\"contentUrl\":\"https:\/\/secure.gravatar.com\/avatar\/bf7b38c686923cbfc8295675030b1081e699c79f486e9d2d7c07c284a39eaca0?s=96&d=mm&r=g\",\"caption\":\"Salom\u00e9 Piechota\"},\"url\":\"https:\/\/fondationjeunesentete.org\/en\/author\/spiechota\/\"}]}<\/script>\n<!-- \/ Yoast SEO plugin. -->","yoast_head_json":{"title":"M\u00e9lanie Boucher becomes CEO of Youth in Mind Foundation - Fondation Jeunes en T\u00eate","description":"The entire team of Youth in Mind Foundation are pleased to announce the appointment of M\u00e9lanie Boucher to the position of CEO.","robots":{"index":"index","follow":"follow","max-snippet":"max-snippet:-1","max-image-preview":"max-image-preview:large","max-video-preview":"max-video-preview:-1"},"canonical":"https:\/\/fondationjeunesentete.org\/en\/2023\/09\/22\/melanie-boucher-becomes-ceo-of-youth-in-mind-foundation\/","og_locale":"en_US","og_type":"article","og_title":"M\u00e9lanie Boucher becomes CEO of Youth in Mind Foundation - Fondation Jeunes en T\u00eate","og_description":"The entire team of Youth in Mind Foundation are pleased to announce the appointment of M\u00e9lanie Boucher to the position of CEO.","og_url":"https:\/\/fondationjeunesentete.org\/en\/2023\/09\/22\/melanie-boucher-becomes-ceo-of-youth-in-mind-foundation\/","og_site_name":"Fondation Jeunes en T\u00eate","article_published_time":"2023-09-22T14:36:03+00:00","article_modified_time":"2023-10-19T18:21:05+00:00","og_image":[{"width":2560,"height":1707,"url":"https:\/\/cdn.fondationjeunesentete.org\/wp-content\/uploads\/2023\/09\/20134422\/1-scaled.jpg","type":"image\/jpeg"}],"author":"Salom\u00e9 Piechota","twitter_card":"summary_large_image","twitter_misc":{"Written by":"Salom\u00e9 Piechota","Est. reading time":"3 minutes"},"schema":{"@context":"https:\/\/schema.org","@graph":[{"@type":"Article","@id":"https:\/\/fondationjeunesentete.org\/en\/2023\/09\/22\/melanie-boucher-becomes-ceo-of-youth-in-mind-foundation\/#article","isPartOf":{"@id":"https:\/\/fondationjeunesentete.org\/en\/2023\/09\/22\/melanie-boucher-becomes-ceo-of-youth-in-mind-foundation\/"},"author":{"name":"Salom\u00e9 Piechota","@id":"https:\/\/fondationjeunesentete.org\/#\/schema\/person\/ca96e8868940e071b01dcf4d5610334b"},"headline":"M\u00e9lanie Boucher becomes CEO of Youth in Mind Foundation","datePublished":"2023-09-22T14:36:03+00:00","dateModified":"2023-10-19T18:21:05+00:00","mainEntityOfPage":{"@id":"https:\/\/fondationjeunesentete.org\/en\/2023\/09\/22\/melanie-boucher-becomes-ceo-of-youth-in-mind-foundation\/"},"wordCount":550,"commentCount":0,"image":{"@id":"https:\/\/fondationjeunesentete.org\/en\/2023\/09\/22\/melanie-boucher-becomes-ceo-of-youth-in-mind-foundation\/#primaryimage"},"thumbnailUrl":"https:\/\/fondationjeunesentete.tor1.digitaloceanspaces.com\/2023\/09\/1-scaled.jpg","articleSection":["Articles from the Foundation"],"inLanguage":"en-US","potentialAction":[{"@type":"CommentAction","name":"Comment","target":["https:\/\/fondationjeunesentete.org\/en\/2023\/09\/22\/melanie-boucher-becomes-ceo-of-youth-in-mind-foundation\/#respond"]}]},{"@type":"WebPage","@id":"https:\/\/fondationjeunesentete.org\/en\/2023\/09\/22\/melanie-boucher-becomes-ceo-of-youth-in-mind-foundation\/","url":"https:\/\/fondationjeunesentete.org\/en\/2023\/09\/22\/melanie-boucher-becomes-ceo-of-youth-in-mind-foundation\/","name":"M\u00e9lanie Boucher becomes CEO of Youth in Mind Foundation - Fondation Jeunes en T\u00eate","isPartOf":{"@id":"https:\/\/fondationjeunesentete.org\/#website"},"primaryImageOfPage":{"@id":"https:\/\/fondationjeunesentete.org\/en\/2023\/09\/22\/melanie-boucher-becomes-ceo-of-youth-in-mind-foundation\/#primaryimage"},"image":{"@id":"https:\/\/fondationjeunesentete.org\/en\/2023\/09\/22\/melanie-boucher-becomes-ceo-of-youth-in-mind-foundation\/#primaryimage"},"thumbnailUrl":"https:\/\/fondationjeunesentete.tor1.digitaloceanspaces.com\/2023\/09\/1-scaled.jpg","datePublished":"2023-09-22T14:36:03+00:00","dateModified":"2023-10-19T18:21:05+00:00","author":{"@id":"https:\/\/fondationjeunesentete.org\/#\/schema\/person\/ca96e8868940e071b01dcf4d5610334b"},"description":"The entire team of Youth in Mind Foundation are pleased to announce the appointment of M\u00e9lanie Boucher to the position of CEO.","breadcrumb":{"@id":"https:\/\/fondationjeunesentete.org\/en\/2023\/09\/22\/melanie-boucher-becomes-ceo-of-youth-in-mind-foundation\/#breadcrumb"},"inLanguage":"en-US","potentialAction":[{"@type":"ReadAction","target":["https:\/\/fondationjeunesentete.org\/en\/2023\/09\/22\/melanie-boucher-becomes-ceo-of-youth-in-mind-foundation\/"]}]},{"@type":"ImageObject","inLanguage":"en-US","@id":"https:\/\/fondationjeunesentete.org\/en\/2023\/09\/22\/melanie-boucher-becomes-ceo-of-youth-in-mind-foundation\/#primaryimage","url":"https:\/\/fondationjeunesentete.tor1.digitaloceanspaces.com\/2023\/09\/1-scaled.jpg","contentUrl":"https:\/\/fondationjeunesentete.tor1.digitaloceanspaces.com\/2023\/09\/1-scaled.jpg","width":2560,"height":1707},{"@type":"BreadcrumbList","@id":"https:\/\/fondationjeunesentete.org\/en\/2023\/09\/22\/melanie-boucher-becomes-ceo-of-youth-in-mind-foundation\/#breadcrumb","itemListElement":[{"@type":"ListItem","position":1,"name":"Home","item":"https:\/\/fondationjeunesentete.org\/en\/"},{"@type":"ListItem","position":2,"name":"M\u00e9lanie Boucher becomes CEO of Youth in Mind Foundation"}]},{"@type":"WebSite","@id":"https:\/\/fondationjeunesentete.org\/#website","url":"https:\/\/fondationjeunesentete.org\/","name":"Fondation Jeunes en T\u00eate","description":"Agissons pour le bien-\u00eatre des jeunes","potentialAction":[{"@type":"SearchAction","target":{"@type":"EntryPoint","urlTemplate":"https:\/\/fondationjeunesentete.org\/?s={search_term_string}"},"query-input":{"@type":"PropertyValueSpecification","valueRequired":true,"valueName":"search_term_string"}}],"inLanguage":"en-US"},{"@type":"Person","@id":"https:\/\/fondationjeunesentete.org\/#\/schema\/person\/ca96e8868940e071b01dcf4d5610334b","name":"Salom\u00e9 Piechota","image":{"@type":"ImageObject","inLanguage":"en-US","@id":"https:\/\/fondationjeunesentete.org\/#\/schema\/person\/image\/","url":"https:\/\/secure.gravatar.com\/avatar\/bf7b38c686923cbfc8295675030b1081e699c79f486e9d2d7c07c284a39eaca0?s=96&d=mm&r=g","contentUrl":"https:\/\/secure.gravatar.com\/avatar\/bf7b38c686923cbfc8295675030b1081e699c79f486e9d2d7c07c284a39eaca0?s=96&d=mm&r=g","caption":"Salom\u00e9 Piechota"},"url":"https:\/\/fondationjeunesentete.org\/en\/author\/spiechota\/"}]}},"_links":{"self":[{"href":"https:\/\/fondationjeunesentete.org\/en\/wp-json\/wp\/v2\/posts\/25078","targetHints":{"allow":["GET"]}}],"collection":[{"href":"https:\/\/fondationjeunesentete.org\/en\/wp-json\/wp\/v2\/posts"}],"about":[{"href":"https:\/\/fondationjeunesentete.org\/en\/wp-json\/wp\/v2\/types\/post"}],"author":[{"embeddable":true,"href":"https:\/\/fondationjeunesentete.org\/en\/wp-json\/wp\/v2\/users\/19"}],"replies":[{"embeddable":true,"href":"https:\/\/fondationjeunesentete.org\/en\/wp-json\/wp\/v2\/comments?post=25078"}],"version-history":[{"count":7,"href":"https:\/\/fondationjeunesentete.org\/en\/wp-json\/wp\/v2\/posts\/25078\/revisions"}],"predecessor-version":[{"id":25501,"href":"https:\/\/fondationjeunesentete.org\/en\/wp-json\/wp\/v2\/posts\/25078\/revisions\/25501"}],"wp:featuredmedia":[{"embeddable":true,"href":"https:\/\/fondationjeunesentete.org\/en\/wp-json\/wp\/v2\/media\/27298"}],"wp:attachment":[{"href":"https:\/\/fondationjeunesentete.org\/en\/wp-json\/wp\/v2\/media?parent=25078"}],"wp:term":[{"taxonomy":"category","embeddable":true,"href":"https:\/\/fondationjeunesentete.org\/en\/wp-json\/wp\/v2\/categories?post=25078"},{"taxonomy":"post_tag","embeddable":true,"href":"https:\/\/fondationjeunesentete.org\/en\/wp-json\/wp\/v2\/tags?post=25078"}],"curies":[{"name":"wp","href":"https:\/\/api.w.org\/{rel}","templated":true}]}}